{"id":4076,"date":"2025-05-21T12:48:33","date_gmt":"2025-05-21T12:48:33","guid":{"rendered":"https:\/\/informacionlocal.es\/il-municipio-di-pajara-accoglie-le-feste-di-nuestra-senora-del-tanquito-a-el-cardon\/"},"modified":"2025-05-21T12:48:33","modified_gmt":"2025-05-21T12:48:33","slug":"il-municipio-di-pajara-accoglie-le-feste-di-nuestra-senora-del-tanquito-a-el-cardon","status":"publish","type":"post","link":"https:\/\/informacionlocal.es\/it\/il-municipio-di-pajara-accoglie-le-feste-di-nuestra-senora-del-tanquito-a-el-cardon\/","title":{"rendered":"Il Municipio di P\u00e1jara accoglie le feste di Nuestra Se\u00f1ora del Tanquito a El Card\u00f3n"},"content":{"rendered":"<div class=\"entry-content\">\n<p><b><i>Il festival si svolger\u00e0 dal 21 al 31 maggio e sar\u00e0 caratterizzato da attivit\u00e0 sportive, spettacoli, eventi religiosi, giochi per bambini e pasti popolari.<\/i><\/b><\/p>\n<p><span>Il Municipio di P\u00e1jara, attraverso l&#8217;Assessorato alle Feste, d\u00e0 il via questo pomeriggio alle tanto attese feste patronali in onore di Nuestra Se\u00f1ora del Tanquito, che si terranno nel villaggio di El Card\u00f3n da oggi al 31 maggio. La giornata di apertura inizier\u00e0 con la decorazione del villaggio, giochi per bambini e un&#8217;emozionante caccia al tesoro.  <\/span><\/p>\n<p><span>L&#8217;assessore alle Feste, Juan Jos\u00e9 Viera, sottolinea che i festeggiamenti sono stati pensati per incoraggiare la partecipazione di tutti i residenti e per promuovere le tradizioni popolari con un approccio inclusivo e familiare. \u201cAbbiamo lavorato duramente per rendere ogni giorno speciale e per condividere momenti indimenticabili\u201d, dice.  <\/span><\/p>\n<p><span>Da parte sua, il sindaco di P\u00e1jara, Alejandro Jorge, sottolinea che le feste di El Card\u00f3n sono &#8220;un esempio vivente della nostra identit\u00e0 e dell \u2018unit\u00e0 del nostro popolo. Sono il riflesso dello sforzo collettivo e dell\u2019 affetto che proviamo per le nostre radici. Invitiamo tutti a partecipare e a godere di tutte le attivit\u00e0 che sono state preparate con grande entusiasmo&#8221;, afferma.  <\/span><\/p>\n<p><span>Il programma prevede un&#8217;ampia variet\u00e0 di attivit\u00e0 per tutte le et\u00e0, tra cui gonfiabili e intrattenimento per bambini. Torneo di Truco, pasti popolari, torneo di calcio, laboratori didattici, balli all&#8217;aperto e molto altro ancora. Uno degli eventi principali sar\u00e0 la nona edizione della Tanquito Runner&#8217;s race, che si terr\u00e0 sabato prossimo. Questo evento sportivo riunir\u00e0 corridori di diverse et\u00e0 e livelli, con modalit\u00e0 diverse volte a promuovere lo sport.  <\/span><\/p>\n<p><span>Per chiudere le celebrazioni, sabato 31 maggio si terr\u00e0 il tradizionale pellegrinaggio, con inizio alle ore 9:00. I preparativi inizieranno venerd\u00ec 30 alle 16:00. Lo stesso sabato, alle 15:00, si terr\u00e0 un ballo all&#8217;aperto che dar\u00e0 il tocco finale ai festeggiamenti.  <\/span><\/p>\n<p><span>Il Municipio di P\u00e1jara invita i residenti di tutte le et\u00e0 a partecipare alle varie attivit\u00e0 programmate e a godersi i festeggiamenti in onore del santo patrono di El Card\u00f3n.<\/span><\/p>\n<p><img fetchpriority=\"high\" decoding=\"async\" class=\"alignnone size-medium wp-image-20310\" src=\"https:\/\/informacionlocal.es\/wp-content\/uploads\/2025\/05\/cardon-2025-2-programacion2-212x300-1.jpg\" width=\"212\" height=\"300\" title=\"cardon-2025-2-programacion2-212x300-1\"><\/p>\n<\/div>\n","protected":false},"excerpt":{"rendered":"<p><i>Il festival si svolger\u00e0 dal 21 al 31 maggio e sar\u00e0 caratterizzato da attivit\u00e0 sportive, spettacoli, eventi religiosi, giochi per bambini e pasti popolari.<\/i><\/p>\n","protected":false},"author":1,"featured_media":4067,"comment_status":"open","ping_status":"open","sticky":false,"template":"","format":"standard","meta":{"inline_featured_image":false,"jnews-multi-image_gallery":[],"jnews_single_post":[],"jnews_primary_category":[],"jnews_social_meta":[],"jnews_override_counter":[],"jnews_post_split":[],"footnotes":""},"categories":[298],"tags":[308],"class_list":["post-4076","post","type-post","status-publish","format-standard","has-post-thumbnail","hentry","category-pajara-it","tag-eventos-it"],"jetpack_featured_media_url":"https:\/\/informacionlocal.es\/wp-content\/uploads\/2025\/05\/cardon-2025-2-programacion2-scaled-1.jpg","_links":{"self":[{"href":"https:\/\/informacionlocal.es\/it\/wp-json\/wp\/v2\/posts\/4076","targetHints":{"allow":["GET"]}}],"collection":[{"href":"https:\/\/informacionlocal.es\/it\/wp-json\/wp\/v2\/posts"}],"about":[{"href":"https:\/\/informacionlocal.es\/it\/wp-json\/wp\/v2\/types\/post"}],"author":[{"embeddable":true,"href":"https:\/\/informacionlocal.es\/it\/wp-json\/wp\/v2\/users\/1"}],"replies":[{"embeddable":true,"href":"https:\/\/informacionlocal.es\/it\/wp-json\/wp\/v2\/comments?post=4076"}],"version-history":[{"count":0,"href":"https:\/\/informacionlocal.es\/it\/wp-json\/wp\/v2\/posts\/4076\/revisions"}],"wp:featuredmedia":[{"embeddable":true,"href":"https:\/\/informacionlocal.es\/it\/wp-json\/wp\/v2\/media\/4067"}],"wp:attachment":[{"href":"https:\/\/informacionlocal.es\/it\/wp-json\/wp\/v2\/media?parent=4076"}],"wp:term":[{"taxonomy":"category","embeddable":true,"href":"https:\/\/informacionlocal.es\/it\/wp-json\/wp\/v2\/categories?post=4076"},{"taxonomy":"post_tag","embeddable":true,"href":"https:\/\/informacionlocal.es\/it\/wp-json\/wp\/v2\/tags?post=4076"}],"curies":[{"name":"wp","href":"https:\/\/api.w.org\/{rel}","templated":true}]}}