{"id":4059,"date":"2025-05-21T12:06:45","date_gmt":"2025-05-21T12:06:45","guid":{"rendered":"https:\/\/informacionlocal.es\/i-centri-culturali-e-la-piazza-di-antigua-offrono-serate-in-famiglia-allinsegna-della-tradizione-canaria\/"},"modified":"2025-05-21T12:06:45","modified_gmt":"2025-05-21T12:06:45","slug":"i-centri-culturali-e-la-piazza-di-antigua-offrono-serate-in-famiglia-allinsegna-della-tradizione-canaria","status":"publish","type":"post","link":"https:\/\/informacionlocal.es\/it\/i-centri-culturali-e-la-piazza-di-antigua-offrono-serate-in-famiglia-allinsegna-della-tradizione-canaria\/","title":{"rendered":"I centri culturali e la piazza di Antigua offrono serate in famiglia all&#8217;insegna della tradizione canaria."},"content":{"rendered":"<div class=\"elementor-widget-container\">\n<p><strong>I centri culturali e la piazza di Antigua offrono serate in famiglia all&#8217;insegna della tradizione canaria.<\/strong><\/p>\n<p><strong>&#8211; Questo gioved\u00ec 22 maggio dalle 17:00 alle 20:00 presso il Centro Culturale di Caleta de Fuste, potrete assistere a una gimkana per famiglie, a giochi tradizionali e a uno spuntino per i partecipanti.  <\/strong><br \/><strong>&#8211; Luned\u00ec 26, mercoled\u00ec 28 e gioved\u00ec 29 maggio, la Plaza de Antigua e i centri culturali di Valles de Ortega e Triquivijate offrono rispettivamente attivit\u00e0 per tutta la famiglia.<\/strong><\/p>\n<p>L \u201cAssessorato alla Cultura del Comune di Antigua organizza e promuove le Tardes de Familia y Tradiciones Canarias, che iniziano questo gioved\u00ec 22 maggio presso il centro culturale di Caleta de Fuste, offrendo un intenso programma di attivit\u00e0 dalle ore 17:00 alle ore 20:00, finalizzato a godere insieme di giochi e tradizioni di un tempo, secondo quanto dichiarato dall\u201d assessore di zona, Jonathan Pe\u00f1a.<\/p>\n<p>Il programma culturale Tardes de familia y Tradiciones Canarias potr\u00e0 essere seguito anche luned\u00ec 26 maggio nella piazza di Antigua, mercoled\u00ec 28 nel centro culturale di Valles de Ortega e gioved\u00ec 29 a Triquivijate, sempre nel pomeriggio dalle ore 17:00 alle 20:00.<\/p>\n<p>La partecipazione \u00e8 gratuita ed \u00e8 solo consigliabile iscriversi in anticipo presso il centro culturale o la biblioteca di Antigua, dice il consigliere Jonathan Pe\u00f1a, o chiamare 928168170 per ulteriori informazioni.<\/p>\n<p>Antigua celebra la Giornata delle Isole Canarie con vari eventi e appuntamenti durante il mese di maggio, afferma il sindaco, Mat\u00edas Pe\u00f1a, con il culmine finale rappresentato dal Baile de Taifas organizzato durante la giornata, nella Plaza de Antigua, il 30 maggio, con spettacoli folcloristici e numerosi tavoli preparati per i gruppi di parranderos, le famiglie, le associazioni e i collettivi che partecipano con i loro calderos, sancochos e piatti canari.<\/p>\n<\/div>\n","protected":false},"excerpt":{"rendered":"<p><strong>I centri culturali e la piazza di Antigua offrono serate in famiglia all&#8217;insegna della tradizione canaria.<\/strong><\/p>\n","protected":false},"author":1,"featured_media":4055,"comment_status":"open","ping_status":"open","sticky":false,"template":"","format":"standard","meta":{"inline_featured_image":false,"jnews-multi-image_gallery":[],"jnews_single_post":[],"jnews_primary_category":[],"jnews_social_meta":[],"jnews_override_counter":[],"jnews_post_split":[],"footnotes":""},"categories":[282],"tags":[308],"class_list":["post-4059","post","type-post","status-publish","format-standard","has-post-thumbnail","hentry","category-antigua-it","tag-eventos-it"],"jetpack_featured_media_url":"https:\/\/informacionlocal.es\/wp-content\/uploads\/2025\/05\/imagen-de-whatsapp-2025-05-21-a-las-08-29-35_9b866489.jpg","_links":{"self":[{"href":"https:\/\/informacionlocal.es\/it\/wp-json\/wp\/v2\/posts\/4059","targetHints":{"allow":["GET"]}}],"collection":[{"href":"https:\/\/informacionlocal.es\/it\/wp-json\/wp\/v2\/posts"}],"about":[{"href":"https:\/\/informacionlocal.es\/it\/wp-json\/wp\/v2\/types\/post"}],"author":[{"embeddable":true,"href":"https:\/\/informacionlocal.es\/it\/wp-json\/wp\/v2\/users\/1"}],"replies":[{"embeddable":true,"href":"https:\/\/informacionlocal.es\/it\/wp-json\/wp\/v2\/comments?post=4059"}],"version-history":[{"count":0,"href":"https:\/\/informacionlocal.es\/it\/wp-json\/wp\/v2\/posts\/4059\/revisions"}],"wp:featuredmedia":[{"embeddable":true,"href":"https:\/\/informacionlocal.es\/it\/wp-json\/wp\/v2\/media\/4055"}],"wp:attachment":[{"href":"https:\/\/informacionlocal.es\/it\/wp-json\/wp\/v2\/media?parent=4059"}],"wp:term":[{"taxonomy":"category","embeddable":true,"href":"https:\/\/informacionlocal.es\/it\/wp-json\/wp\/v2\/categories?post=4059"},{"taxonomy":"post_tag","embeddable":true,"href":"https:\/\/informacionlocal.es\/it\/wp-json\/wp\/v2\/tags?post=4059"}],"curies":[{"name":"wp","href":"https:\/\/api.w.org\/{rel}","templated":true}]}}