{"id":4048,"date":"2025-05-21T08:05:51","date_gmt":"2025-05-21T08:05:51","guid":{"rendered":"https:\/\/informacionlocal.es\/la-oliva-insiste-lo-stato-continua-a-non-rispettare-fuerteventura-mentre-il-comune-rafforza-la-sicurezza\/"},"modified":"2025-05-21T08:05:51","modified_gmt":"2025-05-21T08:05:51","slug":"la-oliva-insiste-lo-stato-continua-a-non-rispettare-fuerteventura-mentre-il-comune-rafforza-la-sicurezza","status":"publish","type":"post","link":"https:\/\/informacionlocal.es\/it\/la-oliva-insiste-lo-stato-continua-a-non-rispettare-fuerteventura-mentre-il-comune-rafforza-la-sicurezza\/","title":{"rendered":"La Oliva insiste: lo Stato continua a non rispettare Fuerteventura mentre il comune rafforza la sicurezza"},"content":{"rendered":"<p>Negli ultimi mesi, il Comune di La Oliva ha inviato diverse comunicazioni formali al Ministero degli Interni per segnalare la mancanza di Guardia Civil e Polizia Nazionale. Dal 2021, i sindacati e le associazioni di polizia hanno avvertito che Fuerteventura ha bisogno di almeno 80-100 agenti aggiuntivi della Guardia Civil e 30 della Polizia Nazionale, ma non sono stati fatti progressi significativi. <\/p>\n<p>Nel frattempo, il Concistoro ha aumentato di nove volte il budget per la sicurezza pubblica, passando da 50.000 a 460.000 euro all&#8217;anno. Ha anche aumentato il personale di polizia da 31 a 52 unit\u00e0 in soli due anni e ha implementato tecnologie chiave come telecamere di videosorveglianza, droni, un&#8217;unit\u00e0 cinofila e il recupero dell&#8217;Unit\u00e0 ambientale (UMA). <\/p>\n<p>\u201cLa sicurezza non pu\u00f2 continuare a essere una responsabilit\u00e0 esclusiva del Comune. Da La Oliva stiamo facendo tutto il possibile, ma i nostri poteri e le nostre risorse hanno un limite\u201d, ha dichiarato il sindaco Isa\u00ed Blanco.<\/p>\n<p>&#8220;Lo Stato non pu\u00f2 voltarsi dall&#8217;altra parte mentre la criminalit\u00e0 \u00e8 in aumento. Abbiamo gi\u00e0 visto intere notti senza un solo agente della Guardia Civil a Corralejo. \u00c8 inaccettabile&#8221;, aggiunge.<\/p>\n<p>Blanco ha anche sottolineato il ruolo della polizia locale in casi recenti, come il tragico omicidio di un turista danese a Corralejo, la cui risoluzione \u00e8 stata possibile grazie all&#8217;azione congiunta delle forze di sicurezza e del sistema di sorveglianza comunale.<\/p>\n<p>Una richiesta unanime di rinforzi statali<\/p>\n<p>Durante l&#8217;ultimo Consiglio di Sicurezza Locale, tenutosi a gennaio, il team di Sicurezza ed Emergenza del comune ha nuovamente messo sul tavolo la necessit\u00e0 che lo Stato sia coinvolto in modo reale ed efficace nella protezione di Fuerteventura. \u00c8 stato deciso di continuare a chiedere rinforzi umani e materiali o, in mancanza, un trasferimento diretto di fondi per ampliare ulteriormente i mezzi della Polizia Locale. <\/p>\n<p>\u201cLa gente \u00e8 preoccupata e a ragione. Ma siamo chiari: il Comune di La Oliva si \u00e8 adeguato. Ora tocca allo Stato adeguarsi\u201d, ha concluso il sindaco.<\/p>\n","protected":false},"excerpt":{"rendered":"<p><span>Alla luce del rapporto recentemente pubblicato dal Ministero degli Interni nella sua relazione sulla sicurezza a Fuerteventura, il Consiglio comunale di La Oliva chiede ancora una volta con forza una risposta urgente da parte dello Stato spagnolo. Nonostante i ripetuti appelli istituzionali, il governo centrale continua a non assumersi la responsabilit\u00e0 di garantire la sicurezza pubblica sull&#8217;isola. <\/span><\/p>\n","protected":false},"author":1,"featured_media":4043,"comment_status":"open","ping_status":"open","sticky":false,"template":"","format":"standard","meta":{"inline_featured_image":false,"jnews-multi-image_gallery":[],"jnews_single_post":[],"jnews_primary_category":[],"jnews_social_meta":[],"jnews_override_counter":[],"jnews_post_split":[],"footnotes":""},"categories":[292],"tags":[223,264],"class_list":["post-4048","post","type-post","status-publish","format-standard","has-post-thumbnail","hentry","category-la-oliva-it","tag-fuerteventura-it","tag-sicurezza"],"jetpack_featured_media_url":"https:\/\/informacionlocal.es\/wp-content\/uploads\/2025\/05\/5199_d94f2417.png","_links":{"self":[{"href":"https:\/\/informacionlocal.es\/it\/wp-json\/wp\/v2\/posts\/4048","targetHints":{"allow":["GET"]}}],"collection":[{"href":"https:\/\/informacionlocal.es\/it\/wp-json\/wp\/v2\/posts"}],"about":[{"href":"https:\/\/informacionlocal.es\/it\/wp-json\/wp\/v2\/types\/post"}],"author":[{"embeddable":true,"href":"https:\/\/informacionlocal.es\/it\/wp-json\/wp\/v2\/users\/1"}],"replies":[{"embeddable":true,"href":"https:\/\/informacionlocal.es\/it\/wp-json\/wp\/v2\/comments?post=4048"}],"version-history":[{"count":0,"href":"https:\/\/informacionlocal.es\/it\/wp-json\/wp\/v2\/posts\/4048\/revisions"}],"wp:featuredmedia":[{"embeddable":true,"href":"https:\/\/informacionlocal.es\/it\/wp-json\/wp\/v2\/media\/4043"}],"wp:attachment":[{"href":"https:\/\/informacionlocal.es\/it\/wp-json\/wp\/v2\/media?parent=4048"}],"wp:term":[{"taxonomy":"category","embeddable":true,"href":"https:\/\/informacionlocal.es\/it\/wp-json\/wp\/v2\/categories?post=4048"},{"taxonomy":"post_tag","embeddable":true,"href":"https:\/\/informacionlocal.es\/it\/wp-json\/wp\/v2\/tags?post=4048"}],"curies":[{"name":"wp","href":"https:\/\/api.w.org\/{rel}","templated":true}]}}