{"id":4035,"date":"2025-05-20T22:55:10","date_gmt":"2025-05-20T22:55:10","guid":{"rendered":"https:\/\/informacionlocal.es\/conto-alla-rovescia-per-sol-y-luna-sport-musica-e-cultura-in-un-solo-giorno\/"},"modified":"2025-05-20T22:55:10","modified_gmt":"2025-05-20T22:55:10","slug":"conto-alla-rovescia-per-sol-y-luna-sport-musica-e-cultura-in-un-solo-giorno","status":"publish","type":"post","link":"https:\/\/informacionlocal.es\/it\/conto-alla-rovescia-per-sol-y-luna-sport-musica-e-cultura-in-un-solo-giorno\/","title":{"rendered":"Conto alla rovescia per &#8220;Sol y Luna&#8221;: sport, musica e cultura in un solo giorno"},"content":{"rendered":"<div class=\"entry-content\">\n<p>Il Municipio di Puerto del Rosario sta intensificando il lavoro di coordinamento tra le sue diverse aree in occasione del macrospettacolo &#8220;Sole e Luna&#8221;, uno degli eventi sportivi pi\u00f9 importanti dell&#8217;anno, che si svolger\u00e0 venerd\u00ec 21 giugno, in coincidenza con l&#8217;arrivo del solstizio d&#8217;estate.<\/p>\n<p>L&#8217;evento prevede tornei sportivi di diverse discipline, regate, la celebrazione della VII Canary Islands Open Water Open Cup, incontri di pugilato, mostre d&#8217;arte, laboratori, intrattenimento per bambini, spettacoli musicali e l&#8217;installazione dei Punti Viola come spazio di attenzione e sensibilizzazione contro la violenza maschile.<\/p>\n<p>Il <strong>sindaco di Puerto del Rosario, David de Vera, ha<\/strong> sottolineato che &#8220;ci impegniamo affinch\u00e9 &#8216;Sol y Luna&#8217; sia uno spettacolo all&#8217;altezza delle aspettative dei nostri cittadini. A tal fine, stiamo coordinando nel dettaglio ogni elemento del dispositivo, dal montaggio tecnico al controllo degli accessi, garantendo sempre la sicurezza e il comfort del pubblico&#8221;.<\/p>\n<p>Da parte sua, <strong>l&#8217;Assessore allo Sport, Luis Chac\u00f3n, ha<\/strong> sottolineato che &#8220;l&#8217;organizzazione operativa si sta svolgendo con grande pianificazione, tenendo conto anche dei minimi dettagli. Abbiamo coinvolto tutti i dipartimenti necessari per garantire che l&#8217;evento sia un successo e si svolga in condizioni ottimali sia per il pubblico che per i partecipanti&#8221;.<\/p>\n<p>L&#8217;evento &#8220;Sol y Luna&#8221; offrir\u00e0 un programma variegato che comprende spettacoli musicali, visivi e attivit\u00e0 per tutti i pubblici, sviluppati in varie aree del comune. Verr\u00e0 attuata una speciale operazione di sicurezza e di emergenza, oltre a rafforzare i servizi di pulizia e le misure di controllo del traffico e dei trasporti pubblici. <\/p>\n<\/div>\n","protected":false},"excerpt":{"rendered":"<p>Il Municipio di Puerto del Rosario sta intensificando il lavoro di coordinamento tra le sue diverse aree in occasione del macrospettacolo &#8220;Sole e Luna&#8221;, uno degli eventi sportivi pi\u00f9 importanti [&hellip;]<\/p>\n","protected":false},"author":1,"featured_media":4031,"comment_status":"open","ping_status":"open","sticky":false,"template":"","format":"standard","meta":{"inline_featured_image":false,"jnews-multi-image_gallery":[],"jnews_single_post":[],"jnews_primary_category":[],"jnews_social_meta":[],"jnews_override_counter":[],"jnews_post_split":[],"footnotes":""},"categories":[295],"tags":[264],"class_list":["post-4035","post","type-post","status-publish","format-standard","has-post-thumbnail","hentry","category-puerto-del-rosario-it","tag-sicurezza"],"jetpack_featured_media_url":"https:\/\/informacionlocal.es\/wp-content\/uploads\/2025\/05\/solyluna-25-22-reunion-previa.jpg","_links":{"self":[{"href":"https:\/\/informacionlocal.es\/it\/wp-json\/wp\/v2\/posts\/4035","targetHints":{"allow":["GET"]}}],"collection":[{"href":"https:\/\/informacionlocal.es\/it\/wp-json\/wp\/v2\/posts"}],"about":[{"href":"https:\/\/informacionlocal.es\/it\/wp-json\/wp\/v2\/types\/post"}],"author":[{"embeddable":true,"href":"https:\/\/informacionlocal.es\/it\/wp-json\/wp\/v2\/users\/1"}],"replies":[{"embeddable":true,"href":"https:\/\/informacionlocal.es\/it\/wp-json\/wp\/v2\/comments?post=4035"}],"version-history":[{"count":0,"href":"https:\/\/informacionlocal.es\/it\/wp-json\/wp\/v2\/posts\/4035\/revisions"}],"wp:featuredmedia":[{"embeddable":true,"href":"https:\/\/informacionlocal.es\/it\/wp-json\/wp\/v2\/media\/4031"}],"wp:attachment":[{"href":"https:\/\/informacionlocal.es\/it\/wp-json\/wp\/v2\/media?parent=4035"}],"wp:term":[{"taxonomy":"category","embeddable":true,"href":"https:\/\/informacionlocal.es\/it\/wp-json\/wp\/v2\/categories?post=4035"},{"taxonomy":"post_tag","embeddable":true,"href":"https:\/\/informacionlocal.es\/it\/wp-json\/wp\/v2\/tags?post=4035"}],"curies":[{"name":"wp","href":"https:\/\/api.w.org\/{rel}","templated":true}]}}