{"id":4023,"date":"2025-05-20T12:16:09","date_gmt":"2025-05-20T12:16:09","guid":{"rendered":"https:\/\/informacionlocal.es\/il-xiii-miglio-barcelo-caleta-de-fuste-ha-gia-ricevuto-piu-di-300-iscrizioni\/"},"modified":"2025-05-20T12:16:09","modified_gmt":"2025-05-20T12:16:09","slug":"il-xiii-miglio-barcelo-caleta-de-fuste-ha-gia-ricevuto-piu-di-300-iscrizioni","status":"publish","type":"post","link":"https:\/\/informacionlocal.es\/it\/il-xiii-miglio-barcelo-caleta-de-fuste-ha-gia-ricevuto-piu-di-300-iscrizioni\/","title":{"rendered":"Il XIII Miglio Barcel\u00f3 Caleta de Fuste ha gi\u00e0 ricevuto pi\u00f9 di 300 iscrizioni."},"content":{"rendered":"<div class=\"elementor-widget-container\">\n<p><strong>Il XIII Miglio Barcel\u00f3 Caleta de Fuste ha gi\u00e0 ricevuto pi\u00f9 di 300 iscrizioni.<\/strong><\/p>\n<p><strong>&#8211; Jos\u00e9 Ojeda, campione canario di Trail 2025, padrino della nuova edizione della Milla Barcel\u00f3 Caleta de Fuste.<\/strong><br \/><strong>&#8211; La corsa popolare Barcel\u00f3 Caleta de Fuste Caleta de Fuste Barcel\u00f3 Mile si terr\u00e0 venerd\u00ec 23 maggio alle ore 18.00.  <\/strong><br \/><strong>&#8211; L&#8217;iscrizione alla gara \u00e8 gratuita e pu\u00f2 essere effettuata il giorno della partenza della gara a partire dalle ore 16:30.<\/strong><\/p>\n<p>Il Dipartimento dello Sport del Comune di Antigua sta organizzando la XIII Milla Barcel\u00f3 Caleta de Fuste Mile, che si terr\u00e0 venerd\u00ec 23 maggio alle ore 18:00 in Avenida de El Castillo, con la collaborazione della Federazione di Atletica dell&#8217;isola e con la sponsorizzazione del Barcel\u00f3 Hotel Group e del programma di sostegno allo sport del Comune di Fuerteventura.<\/p>\n<p>Tredici anni di organizzazione del miglio urbano a Caleta de Fuste, una gara popolare consolidata che ha appena aperto le iscrizioni online, confermando pi\u00f9 di 300 atleti iscritti, afferma il consigliere Samuel Torres Mesa, che ricorda che l&#8217;iscrizione \u00e8 gratuita e pu\u00f2 essere effettuata anche il venerd\u00ec dalle ore 16:30, accanto agli archi di partenza e di arrivo della gara.<\/p>\n<p>In questa nuova edizione del Barcel\u00f3 Caleta de Fuste Mile, siamo lieti di confermare che il patrono di questo evento popolare sar\u00e0 lo sportivo di Antigua e campione di Trail 2025 delle Isole Canarie, Jos\u00e9 Hern\u00e1ndez Ojeda&#8221;, ha dichiarato il sindaco, Mat\u00edas Pe\u00f1a.<\/p>\n<p>Va sottolineata la partecipazione di Barcel\u00f3 Hotel Group ogni anno, che dimostra il suo coinvolgimento ancora una volta nella promozione di eventi sportivi come questo miglio urbano, ma anche la sua collaborazione nei festeggiamenti di Caleta de Fuste o nella promozione di attivit\u00e0 attrattive nella citt\u00e0 e, conclude il sindaco, un magnifico rapporto di collaborazione con il Comune di Antigua, che viene mantenuto e rafforzato ogni giorno.<\/p>\n<\/div>\n","protected":false},"excerpt":{"rendered":"<p><strong>Il XIII Miglio Barcel\u00f3 Caleta de Fuste ha gi\u00e0 ricevuto pi\u00f9 di 300 iscrizioni.<\/strong><\/p>\n","protected":false},"author":1,"featured_media":4019,"comment_status":"open","ping_status":"open","sticky":false,"template":"","format":"standard","meta":{"inline_featured_image":false,"jnews-multi-image_gallery":[],"jnews_single_post":[],"jnews_primary_category":[],"jnews_social_meta":[],"jnews_override_counter":[],"jnews_post_split":[],"footnotes":""},"categories":[282],"tags":[308,223],"class_list":["post-4023","post","type-post","status-publish","format-standard","has-post-thumbnail","hentry","category-antigua-it","tag-eventos-it","tag-fuerteventura-it"],"jetpack_featured_media_url":"https:\/\/informacionlocal.es\/wp-content\/uploads\/2025\/05\/cartel-milla-2025-imagenes-1-scaled-1.jpg","_links":{"self":[{"href":"https:\/\/informacionlocal.es\/it\/wp-json\/wp\/v2\/posts\/4023","targetHints":{"allow":["GET"]}}],"collection":[{"href":"https:\/\/informacionlocal.es\/it\/wp-json\/wp\/v2\/posts"}],"about":[{"href":"https:\/\/informacionlocal.es\/it\/wp-json\/wp\/v2\/types\/post"}],"author":[{"embeddable":true,"href":"https:\/\/informacionlocal.es\/it\/wp-json\/wp\/v2\/users\/1"}],"replies":[{"embeddable":true,"href":"https:\/\/informacionlocal.es\/it\/wp-json\/wp\/v2\/comments?post=4023"}],"version-history":[{"count":0,"href":"https:\/\/informacionlocal.es\/it\/wp-json\/wp\/v2\/posts\/4023\/revisions"}],"wp:featuredmedia":[{"embeddable":true,"href":"https:\/\/informacionlocal.es\/it\/wp-json\/wp\/v2\/media\/4019"}],"wp:attachment":[{"href":"https:\/\/informacionlocal.es\/it\/wp-json\/wp\/v2\/media?parent=4023"}],"wp:term":[{"taxonomy":"category","embeddable":true,"href":"https:\/\/informacionlocal.es\/it\/wp-json\/wp\/v2\/categories?post=4023"},{"taxonomy":"post_tag","embeddable":true,"href":"https:\/\/informacionlocal.es\/it\/wp-json\/wp\/v2\/tags?post=4023"}],"curies":[{"name":"wp","href":"https:\/\/api.w.org\/{rel}","templated":true}]}}