{"id":4011,"date":"2025-05-20T11:15:09","date_gmt":"2025-05-20T11:15:09","guid":{"rendered":"https:\/\/informacionlocal.es\/salone-doganale-delle-canarie-questo-venerdi-a-caleta-de-fuste\/"},"modified":"2025-05-20T11:15:09","modified_gmt":"2025-05-20T11:15:09","slug":"salone-doganale-delle-canarie-questo-venerdi-a-caleta-de-fuste","status":"publish","type":"post","link":"https:\/\/informacionlocal.es\/it\/salone-doganale-delle-canarie-questo-venerdi-a-caleta-de-fuste\/","title":{"rendered":"Salone Doganale delle Canarie questo venerd\u00ec a Caleta de Fuste"},"content":{"rendered":"<div class=\"elementor-widget-container\">\n<p><strong>Salone Doganale delle Canarie questo venerd\u00ec a Caleta de Fuste<\/strong><\/p>\n<p><strong>Esibizione di wrestling degli attuali e tre volte campioni delle Canarie, CL Uni\u00f3n Antigua.<\/strong><\/p>\n<p><strong>&#8211; Le esibizioni della Parranda El Callao, dell&#8217;Agrupaci\u00f3n Folkl\u00f3rica de Tetir El Rinc\u00f3n e di Cinco en Clave con Timbeque scandiranno il ritmo canario del festival.  <\/strong><br \/><strong>&#8211; Esibizione di lotta canaria, mercatino, spettacoli musicali, show cooking con Francisco El Molinero e degustazione di prodotti tipici canari a partire dalle ore 17:30.<\/strong><br \/><strong>&#8211; Caleta de Fuste celebra le Isole Canarie e le sue usanze con giochi tradizionali, l&#8217;asino Majorero e il folklore canario.<\/strong><\/p>\n<p>Questo venerd\u00ec 23 maggio, il Comune di Antigua, attraverso il suo Dipartimento del Turismo, organizza la Muestra de Costumbres Canarias a Caleta de Fuste, nella Plaza de El Castillo, a partire dalle ore 17:30.<\/p>\n<p>Il sindaco, Mat\u00edas Pe\u00f1a, sottolinea che il programma prevede un&#8217;esibizione di lotta canaria a Caleta de Fuste da parte degli attuali e tre volte campioni canari, la CL Uni\u00f3n Antigua, la principale rappresentante del nostro sport nativo a Fuerteventura e nelle Isole Canarie.<\/p>\n<p>La Muestra de Costumbres Canarias offre l&#8217;opportunit\u00e0 di godere della gastronomia, della musica e delle tradizioni delle Isole Canarie sia ai residenti che ai turisti che ci visitano in questi giorni, mantenendo un tasso di occupazione degli alberghi superiore al 90%&#8221;, afferma l&#8217;assessore al Turismo, Kristina Rodewig.<\/p>\n<p>La Muestra de Costumbres Canarias, spiega l&#8217;assessore Rodewig, concentra nella Plaza de El Castillo i prodotti della nostra terra, cos\u00ec come i giochi di una volta e la musica popolare; inoltre, aggiunge l&#8217;assessore, invita i turisti a godere degli stessi, promuovendo a loro volta la visita ai negozi locali e agli stabilimenti nelle vicinanze, sia ristoranti che bar e caff\u00e8.<\/p>\n<p>Il colorato e ampio programma della Muestra de Costumbres Canarias prevede spettacoli di folklore canario della Parranda El Callao, dell&#8217;Agrupaci\u00f3n Tetir El Rinc\u00f3n e di Cinco en Clave con Timbeque. Musica e balli accompagneranno lo show cooking offerto da Francisco El Molinero con gofio pellas e dolci tradizionali, laboratori e giochi tradizionali per tutte le et\u00e0 e l&#8217;esibizione dell&#8217;asino Majorero, del chato e del fuerte de pelo. <\/p>\n<\/p>\n<\/div>\n","protected":false},"excerpt":{"rendered":"<p><strong>Salone Doganale delle Canarie questo venerd\u00ec a Caleta de Fuste<\/strong><\/p>\n","protected":false},"author":1,"featured_media":4007,"comment_status":"open","ping_status":"open","sticky":false,"template":"","format":"standard","meta":{"inline_featured_image":false,"jnews-multi-image_gallery":[],"jnews_single_post":[],"jnews_primary_category":[],"jnews_social_meta":[],"jnews_override_counter":[],"jnews_post_split":[],"footnotes":""},"categories":[282],"tags":[223],"class_list":["post-4011","post","type-post","status-publish","format-standard","has-post-thumbnail","hentry","category-antigua-it","tag-fuerteventura-it"],"jetpack_featured_media_url":"https:\/\/informacionlocal.es\/wp-content\/uploads\/2025\/05\/imagen-de-whatsapp-2025-05-08-a-las-09-47-17_288078db.jpg","_links":{"self":[{"href":"https:\/\/informacionlocal.es\/it\/wp-json\/wp\/v2\/posts\/4011","targetHints":{"allow":["GET"]}}],"collection":[{"href":"https:\/\/informacionlocal.es\/it\/wp-json\/wp\/v2\/posts"}],"about":[{"href":"https:\/\/informacionlocal.es\/it\/wp-json\/wp\/v2\/types\/post"}],"author":[{"embeddable":true,"href":"https:\/\/informacionlocal.es\/it\/wp-json\/wp\/v2\/users\/1"}],"replies":[{"embeddable":true,"href":"https:\/\/informacionlocal.es\/it\/wp-json\/wp\/v2\/comments?post=4011"}],"version-history":[{"count":0,"href":"https:\/\/informacionlocal.es\/it\/wp-json\/wp\/v2\/posts\/4011\/revisions"}],"wp:featuredmedia":[{"embeddable":true,"href":"https:\/\/informacionlocal.es\/it\/wp-json\/wp\/v2\/media\/4007"}],"wp:attachment":[{"href":"https:\/\/informacionlocal.es\/it\/wp-json\/wp\/v2\/media?parent=4011"}],"wp:term":[{"taxonomy":"category","embeddable":true,"href":"https:\/\/informacionlocal.es\/it\/wp-json\/wp\/v2\/categories?post=4011"},{"taxonomy":"post_tag","embeddable":true,"href":"https:\/\/informacionlocal.es\/it\/wp-json\/wp\/v2\/tags?post=4011"}],"curies":[{"name":"wp","href":"https:\/\/api.w.org\/{rel}","templated":true}]}}