{"id":3988,"date":"2025-05-20T11:07:20","date_gmt":"2025-05-20T11:07:20","guid":{"rendered":"https:\/\/informacionlocal.es\/turismo-e-ambiente-di-la-oliva-uniscono-le-forze-con-la-cooperativa-taxi-per-diffondere-il-decalogo-delle-buone-pratiche-ambientali\/"},"modified":"2025-05-20T11:07:20","modified_gmt":"2025-05-20T11:07:20","slug":"turismo-e-ambiente-di-la-oliva-uniscono-le-forze-con-la-cooperativa-taxi-per-diffondere-il-decalogo-delle-buone-pratiche-ambientali","status":"publish","type":"post","link":"https:\/\/informacionlocal.es\/it\/turismo-e-ambiente-di-la-oliva-uniscono-le-forze-con-la-cooperativa-taxi-per-diffondere-il-decalogo-delle-buone-pratiche-ambientali\/","title":{"rendered":"Turismo e Ambiente di La Oliva uniscono le forze con la Cooperativa Taxi per diffondere il &#8220;Decalogo delle buone pratiche ambientali&#8221;."},"content":{"rendered":"<p>Il Municipio di La Oliva prosegue con il binomio degli assessori al Turismo e all&#8217;Ambiente, guidati da David Fajardo, per la promozione della cura dell&#8217;ambiente naturale nel comune. Con lo slogan &#8220;La Oliva Actitud Ambiental&#8221;, l&#8217;Amministrazione mantiene il suo impegno per la sensibilizzazione alla natura attraverso l&#8217;etichettatura della flotta della Cooperativa Taxi del Comune. Cos\u00ec, il nuovo logo turistico \u00e8 accompagnato da un QR che reindirizza gli utenti al &#8220;Decalogo delle buone pratiche ambientali&#8221; in diverse lingue, rispondendo direttamente alla strategia seguita dal lavoro congiunto di entrambi i consigli. L&#8217;obiettivo finale \u00e8 quello di fornire non solo un&#8217;immagine omogenea dei taxi nel comune, ma anche di continuare a diffondere il messaggio ambientale, un presupposto su cui stiamo lavorando dall&#8217;inizio della legislatura.   <\/p>\n<p>Il sindaco di La Oliva, Isa\u00ed Blanco, sottolinea: &#8220;Questa azione mantiene il nostro impegno per la cura dell&#8217;ambiente. Siamo consapevoli che l&#8217;unico modello turistico possibile \u00e8 quello che tiene conto del fatto che l&#8217;isola e, in particolare, il nostro comune, non \u00e8 un luogo dove i visitatori sono solo di passaggio, ma \u00e8 la nostra casa. Con questo piccolo gesto uniamo le forze per ricordare sempre che la cura del nostro ambiente naturale non \u00e8 un&#8217;opzione, ma un obbligo&#8221;.  <\/p>\n<p>L&#8217;Assessore al Turismo e all&#8217;Ambiente, David Fajardo, ha dichiarato: &#8220;Ringraziamo la Cooperativa Taxi di La Oliva per aver accettato gli sforzi di Turismo e Ambiente per rendere possibile la promozione del &#8216;Decalogo delle buone pratiche ambientali&#8217;. In questo senso, non solo i turisti, ma anche qualsiasi utente di taxi del comune potr\u00e0 accedere al documento direttamente attraverso il QR posto sulla fiancata di tutti i veicoli della flotta. L&#8217;obiettivo di questa azione \u00e8 quello di sfruttare all&#8217;infinito tutti i canali di comunicazione e divulgazione per sensibilizzare l&#8217;opinione pubblica sul nostro ambiente, fornendo consigli per garantire la cura dei nostri spazi naturali&#8221;.  <\/p>\n<p>&#8220;Sappiamo che per quanto si faccia, sar\u00e0 sempre troppo poco, quindi continueremo a lavorare affinch\u00e9 ogni piccola opportunit\u00e0 come questa serva a continuare a pubblicizzare la nostra strategia e a far s\u00ec che tutti coloro che vengono a godersi Fuerteventura abbiano ben chiaro che siamo una destinazione di cui devono prendersi cura&#8221;, ha aggiunto Fajardo.<\/p>\n","protected":false},"excerpt":{"rendered":"<p><span>Attraverso &#8220;La Oliva Environmental Attitude&#8221;, il Concistoro lavora per diffondere la consapevolezza e l&#8217;attenzione per l&#8217;ambiente attraverso un QR etichettato sulla fiancata di ogni veicolo della flotta di taxi del comune.<\/span><\/p>\n","protected":false},"author":1,"featured_media":3983,"comment_status":"open","ping_status":"open","sticky":false,"template":"","format":"standard","meta":{"inline_featured_image":false,"jnews-multi-image_gallery":[],"jnews_single_post":[],"jnews_primary_category":[],"jnews_social_meta":[],"jnews_override_counter":[],"jnews_post_split":[],"footnotes":""},"categories":[292],"tags":[205,223],"class_list":["post-3988","post","type-post","status-publish","format-standard","has-post-thumbnail","hentry","category-la-oliva-it","tag-ambiente","tag-fuerteventura-it"],"jetpack_featured_media_url":"https:\/\/informacionlocal.es\/wp-content\/uploads\/2025\/05\/5198_5014c206.png","_links":{"self":[{"href":"https:\/\/informacionlocal.es\/it\/wp-json\/wp\/v2\/posts\/3988","targetHints":{"allow":["GET"]}}],"collection":[{"href":"https:\/\/informacionlocal.es\/it\/wp-json\/wp\/v2\/posts"}],"about":[{"href":"https:\/\/informacionlocal.es\/it\/wp-json\/wp\/v2\/types\/post"}],"author":[{"embeddable":true,"href":"https:\/\/informacionlocal.es\/it\/wp-json\/wp\/v2\/users\/1"}],"replies":[{"embeddable":true,"href":"https:\/\/informacionlocal.es\/it\/wp-json\/wp\/v2\/comments?post=3988"}],"version-history":[{"count":0,"href":"https:\/\/informacionlocal.es\/it\/wp-json\/wp\/v2\/posts\/3988\/revisions"}],"wp:featuredmedia":[{"embeddable":true,"href":"https:\/\/informacionlocal.es\/it\/wp-json\/wp\/v2\/media\/3983"}],"wp:attachment":[{"href":"https:\/\/informacionlocal.es\/it\/wp-json\/wp\/v2\/media?parent=3988"}],"wp:term":[{"taxonomy":"category","embeddable":true,"href":"https:\/\/informacionlocal.es\/it\/wp-json\/wp\/v2\/categories?post=3988"},{"taxonomy":"post_tag","embeddable":true,"href":"https:\/\/informacionlocal.es\/it\/wp-json\/wp\/v2\/tags?post=3988"}],"curies":[{"name":"wp","href":"https:\/\/api.w.org\/{rel}","templated":true}]}}