{"id":3974,"date":"2025-05-20T10:09:08","date_gmt":"2025-05-20T10:09:08","guid":{"rendered":"https:\/\/informacionlocal.es\/la-scuola-municipale-di-musica-di-antigua-apre-il-periodo-di-rinnovo-delle-iscrizioni\/"},"modified":"2025-05-20T10:09:08","modified_gmt":"2025-05-20T10:09:08","slug":"la-scuola-municipale-di-musica-di-antigua-apre-il-periodo-di-rinnovo-delle-iscrizioni","status":"publish","type":"post","link":"https:\/\/informacionlocal.es\/it\/la-scuola-municipale-di-musica-di-antigua-apre-il-periodo-di-rinnovo-delle-iscrizioni\/","title":{"rendered":"La Scuola Municipale di Musica di Antigua apre il periodo di rinnovo delle iscrizioni"},"content":{"rendered":"<div class=\"elementor-widget-container\">\n<p><strong>La Scuola Municipale di Musica di Antigua apre il periodo di rinnovo delle iscrizioni<\/strong><\/p>\n<p><strong>&#8211; Il periodo di rinnovo delle iscrizioni alla Escuela de M\u00fasica Municipal de Antigua, EMMA, \u00e8 aperto fino al 31 maggio compreso.  <\/strong><br \/><strong>&#8211; Il rinnovo della registrazione deve essere presentato presso il Municipio di Antigua, l&#8217;Ufficio del Sindaco di Caleta de Fuste o attraverso il sito web www.ayto-antigua.es.<\/strong><\/p>\n<p>La Escuela de M\u00fasica Municipal de Antigua apre il periodo di rinnovo delle iscrizioni fino al 31 maggio compreso, essendo un requisito necessario per continuare a frequentare il corso 2025\/2026.<\/p>\n<p>EMMA, la Scuola Municipale di Musica di Antigua, offre corsi per bambini e adulti di chitarra moderna, pianoforte, basso, canto, percussioni, tromba, trombone e sassofono, oltre all&#8217;apprendimento musicale che insegna a differenziare le tonalit\u00e0, a leggere uno spartito o i diversi ritmi musicali.<\/p>\n<p>EMMA \u00e8 un&#8217;iniziativa di successo organizzata e promossa dal Consiglio di Antigua dal Dipartimento di Cultura, dice il sindaco, Mat\u00edas Pe\u00f1a, che incoraggia l&#8217;apprendimento musicale e facilita l&#8217;iscrizione a tutti perch\u00e9 \u00e8 gratuita per tutti i residenti di Antigua.<\/p>\n<p>Dopo questo primo periodo di rinnovo delle iscrizioni, se ne aprir\u00e0 un altro, confermando cos\u00ec la frequenza e i livelli di apprendimento, precisa l&#8217;assessore Jonathan Pe\u00f1a, che \u00e8 grato per il coinvolgimento di ogni istruttore di musica per la vicinanza e la qualit\u00e0 che dimostrano a tutti gli studenti, grandi e piccoli, e conclude l&#8217;assessore, che potrebbero facilmente essere i nostri prossimi artisti locali.<\/p>\n<\/div>\n","protected":false},"excerpt":{"rendered":"<p><strong>La Scuola Municipale di Musica di Antigua apre il periodo di rinnovo delle iscrizioni<\/strong><\/p>\n","protected":false},"author":1,"featured_media":3971,"comment_status":"open","ping_status":"open","sticky":false,"template":"","format":"standard","meta":{"inline_featured_image":false,"jnews-multi-image_gallery":[],"jnews_single_post":[],"jnews_primary_category":[],"jnews_social_meta":[],"jnews_override_counter":[],"jnews_post_split":[],"footnotes":""},"categories":[282],"tags":[],"class_list":["post-3974","post","type-post","status-publish","format-standard","has-post-thumbnail","hentry","category-antigua-it"],"jetpack_featured_media_url":"https:\/\/informacionlocal.es\/wp-content\/uploads\/2025\/05\/momento-del-primer-concierto-de-emma-ayuntamiento-de-antigua-scaled-1.jpg","_links":{"self":[{"href":"https:\/\/informacionlocal.es\/it\/wp-json\/wp\/v2\/posts\/3974","targetHints":{"allow":["GET"]}}],"collection":[{"href":"https:\/\/informacionlocal.es\/it\/wp-json\/wp\/v2\/posts"}],"about":[{"href":"https:\/\/informacionlocal.es\/it\/wp-json\/wp\/v2\/types\/post"}],"author":[{"embeddable":true,"href":"https:\/\/informacionlocal.es\/it\/wp-json\/wp\/v2\/users\/1"}],"replies":[{"embeddable":true,"href":"https:\/\/informacionlocal.es\/it\/wp-json\/wp\/v2\/comments?post=3974"}],"version-history":[{"count":0,"href":"https:\/\/informacionlocal.es\/it\/wp-json\/wp\/v2\/posts\/3974\/revisions"}],"wp:featuredmedia":[{"embeddable":true,"href":"https:\/\/informacionlocal.es\/it\/wp-json\/wp\/v2\/media\/3971"}],"wp:attachment":[{"href":"https:\/\/informacionlocal.es\/it\/wp-json\/wp\/v2\/media?parent=3974"}],"wp:term":[{"taxonomy":"category","embeddable":true,"href":"https:\/\/informacionlocal.es\/it\/wp-json\/wp\/v2\/categories?post=3974"},{"taxonomy":"post_tag","embeddable":true,"href":"https:\/\/informacionlocal.es\/it\/wp-json\/wp\/v2\/tags?post=3974"}],"curies":[{"name":"wp","href":"https:\/\/api.w.org\/{rel}","templated":true}]}}