{"id":3915,"date":"2025-05-19T13:06:22","date_gmt":"2025-05-19T13:06:22","guid":{"rendered":"https:\/\/informacionlocal.es\/il-programma-escursionistico-di-antigua-va-da-apanada-allalto-del-jurado\/"},"modified":"2025-05-19T13:06:22","modified_gmt":"2025-05-19T13:06:22","slug":"il-programma-escursionistico-di-antigua-va-da-apanada-allalto-del-jurado","status":"publish","type":"post","link":"https:\/\/informacionlocal.es\/it\/il-programma-escursionistico-di-antigua-va-da-apanada-allalto-del-jurado\/","title":{"rendered":"Il programma escursionistico di Antigua va da Apa\u00f1ada all&#8217;Alto del Jurado"},"content":{"rendered":"<div class=\"elementor-widget-container\">\n<p><strong>Il programma escursionistico di Antigua va da Apa\u00f1ada all&#8217;Alto del Jurado<\/strong><\/p>\n<p><strong>&#8211; Le iscrizioni sono aperte tramite il Registro delle iscrizioni fino a venerd\u00ec 23 maggio compreso.<\/strong><br \/><strong>&#8211; Il terzo itinerario propone di partecipare all&#8217;Apa\u00f1ada che sale fino alla cima del Jurado in un&#8217;escursione di media difficolt\u00e0 di sei chilometri.  <\/strong><br \/><strong>&#8211; L&#8217;iscrizione \u00e8 gratuita e il Comune di Antigua fornisce il trasporto da Antigua al punto di partenza del percorso, nonch\u00e9 una guida sul percorso e l&#8217;intonaco finale.<\/strong><\/p>\n<p>Il Comune di Antigua ricorda che le iscrizioni al terzo percorso a piedi Antigua se mueve sono aperte fino a venerd\u00ec 23 maggio compreso.<\/p>\n<p>L&#8217;iscrizione \u00e8 gratuita e il Comune di Antigua fornisce il trasporto da Antigua al punto di partenza del percorso, nonch\u00e9 una guida sul percorso e l&#8217;intonaco finale.<\/p>\n<p>Questo terzo percorso proposto e organizzato dagli assessorati alla Giovent\u00f9 e allo Sport, coordinati rispettivamente dai consiglieri Pedro Armas e Samuel Torres, \u00e8 inserito nel programma di Antigua se mueve, e propone una camminata di quattro ore di media difficolt\u00e0 sabato 14 giugno, per raggiungere la gambuesa all&#8217;Alto del Jurado, accompagnando l&#8217;apa\u00f1ada prevista per quella data.<\/p>\n<p>Un piano di sette salutari passeggiate di varia difficolt\u00e0 e per tutte le et\u00e0, che facilita gli spostamenti da Antigua, fornisce un team di guide che spiegano ogni passo lungo il percorso e offre un pranzo finale per recuperare le forze, spiega il sindaco, Mat\u00edas Pe\u00f1a.<\/p>\n<p>Antigua se Mueve \u00e8 un programma che prevede un totale di sette camminate, di cui si propongono le seguenti: scalata del monte Jurado, camminata da Valles de Ortega a Tiscamanita su un percorso notturno, in luglio da Guisguey a La Caldereta, in settembre da Antigua ad Agua de Bueyes e in ottobre da P\u00e1jara a Card\u00f3n.<\/p>\n<\/div>\n","protected":false},"excerpt":{"rendered":"<p><strong>Il programma escursionistico di Antigua va da Apa\u00f1ada all&#8217;Alto del Jurado<\/strong><\/p>\n","protected":false},"author":1,"featured_media":3911,"comment_status":"open","ping_status":"open","sticky":false,"template":"","format":"standard","meta":{"inline_featured_image":false,"jnews-multi-image_gallery":[],"jnews_single_post":[],"jnews_primary_category":[],"jnews_social_meta":[],"jnews_override_counter":[],"jnews_post_split":[],"footnotes":""},"categories":[282],"tags":[],"class_list":["post-3915","post","type-post","status-publish","format-standard","has-post-thumbnail","hentry","category-antigua-it"],"jetpack_featured_media_url":"https:\/\/informacionlocal.es\/wp-content\/uploads\/2025\/05\/antigua-se-echa-a-caminar-3-1.jpg","_links":{"self":[{"href":"https:\/\/informacionlocal.es\/it\/wp-json\/wp\/v2\/posts\/3915","targetHints":{"allow":["GET"]}}],"collection":[{"href":"https:\/\/informacionlocal.es\/it\/wp-json\/wp\/v2\/posts"}],"about":[{"href":"https:\/\/informacionlocal.es\/it\/wp-json\/wp\/v2\/types\/post"}],"author":[{"embeddable":true,"href":"https:\/\/informacionlocal.es\/it\/wp-json\/wp\/v2\/users\/1"}],"replies":[{"embeddable":true,"href":"https:\/\/informacionlocal.es\/it\/wp-json\/wp\/v2\/comments?post=3915"}],"version-history":[{"count":0,"href":"https:\/\/informacionlocal.es\/it\/wp-json\/wp\/v2\/posts\/3915\/revisions"}],"wp:featuredmedia":[{"embeddable":true,"href":"https:\/\/informacionlocal.es\/it\/wp-json\/wp\/v2\/media\/3911"}],"wp:attachment":[{"href":"https:\/\/informacionlocal.es\/it\/wp-json\/wp\/v2\/media?parent=3915"}],"wp:term":[{"taxonomy":"category","embeddable":true,"href":"https:\/\/informacionlocal.es\/it\/wp-json\/wp\/v2\/categories?post=3915"},{"taxonomy":"post_tag","embeddable":true,"href":"https:\/\/informacionlocal.es\/it\/wp-json\/wp\/v2\/tags?post=3915"}],"curies":[{"name":"wp","href":"https:\/\/api.w.org\/{rel}","templated":true}]}}