{"id":3902,"date":"2025-05-19T13:02:15","date_gmt":"2025-05-19T13:02:15","guid":{"rendered":"https:\/\/informacionlocal.es\/ultimo-giorno-per-richiedere-un-tavolo-per-il-baile-de-taifas-di-antigua\/"},"modified":"2025-05-19T13:02:15","modified_gmt":"2025-05-19T13:02:15","slug":"ultimo-giorno-per-richiedere-un-tavolo-per-il-baile-de-taifas-di-antigua","status":"publish","type":"post","link":"https:\/\/informacionlocal.es\/it\/ultimo-giorno-per-richiedere-un-tavolo-per-il-baile-de-taifas-di-antigua\/","title":{"rendered":"Ultimo giorno per richiedere un tavolo per il Baile de Taifas di Antigua"},"content":{"rendered":"<div class=\"elementor-widget-container\">\n<p><strong>Ultimo giorno per richiedere un tavolo per il Ballo de Taifas di Antigua<\/strong><br \/><strong>Ultimi tavoli per prenotare e partecipare al Baile de Taifas di Antigua<\/strong><\/p>\n<p><strong>&#8211; Questo marted\u00ec 20 maggio \u00e8 l&#8217;ultimo giorno utile per prenotare gli ultimi tavoli per il Baile de Taifas di Antigua.  <\/strong><br \/><strong>&#8211; Il giorno delle Isole Canarie, il 30 maggio, nella Plaza de Antigua dalle 13:00 alle 19:00, Gran Baile de Taifas.  <\/strong><br \/><strong>&#8211; La domanda per un tavolo deve essere presentata registrandosi presso il Municipio di Antigua, la Tenencia de Alcald\u00eda di Caleta de Fuste o per via elettronica.<\/strong><\/p>\n<p>Il Municipio di Antigua, dall&#8217;Assessorato alla Cultura, ricorda che questo marted\u00ec 20 maggio \u00e8 l&#8217;ultimo giorno utile per richiedere un tavolo nella Plaza de Antigua che viene addobbata e decorata per la celebrazione del Giorno delle Canarie e del corrispondente Baile de Taifas.<\/p>\n<p>Il D\u00eda de Canarias di Antigua si caratterizza ogni anno come una festa intima e accogliente, in cui le famiglie, i gruppi di amici e i vicini di casa, i club e le associazioni diventano i padroni di casa di questa citt\u00e0, con tavole piene di calderos, pucheros e piatti canari, ognuno sempre pi\u00f9 gustoso, dice il sindaco, Mat\u00edas Pe\u00f1a Garc\u00eda.<\/p>\n<p>Il programma offerto da Antigua si svolge durante la giornata, con spettacoli e un raduno folcloristico dalle 13:00 alle 19:00 in una piazza addobbata per l&#8217;occasione e alla quale \u00e8 richiesto di partecipare in abiti canari, come modo migliore per identificarsi con l&#8217;usanza e la tradizione, celebrando questo giorno speciale delle Isole Canarie.<\/p>\n<p>Il periodo di iscrizione per le famiglie, i gruppi o le associazioni interessate a partecipare \u00e8 aperto fino a marted\u00ec 20 maggio, spiega l&#8217;assessore alla Cultura, Jonathan Pe\u00f1a. \u00c8 sufficiente indicare il nome del richiedente e il numero di commensali sul modulo di iscrizione, che deve essere presentato attraverso il Registro degli ingressi.<\/p>\n<\/div>\n","protected":false},"excerpt":{"rendered":"<p><strong>Ultimo giorno per richiedere un tavolo per il Baile de Taifas di Antigua<\/strong><\/p>\n","protected":false},"author":1,"featured_media":3899,"comment_status":"open","ping_status":"open","sticky":false,"template":"","format":"standard","meta":{"inline_featured_image":false,"jnews-multi-image_gallery":[],"jnews_single_post":[],"jnews_primary_category":[],"jnews_social_meta":[],"jnews_override_counter":[],"jnews_post_split":[],"footnotes":""},"categories":[282],"tags":[],"class_list":["post-3902","post","type-post","status-publish","format-standard","has-post-thumbnail","hentry","category-antigua-it"],"jetpack_featured_media_url":"https:\/\/informacionlocal.es\/wp-content\/uploads\/2025\/05\/gran-baile-de-taifas-en-antigua-1-1-scaled-1.jpg","_links":{"self":[{"href":"https:\/\/informacionlocal.es\/it\/wp-json\/wp\/v2\/posts\/3902","targetHints":{"allow":["GET"]}}],"collection":[{"href":"https:\/\/informacionlocal.es\/it\/wp-json\/wp\/v2\/posts"}],"about":[{"href":"https:\/\/informacionlocal.es\/it\/wp-json\/wp\/v2\/types\/post"}],"author":[{"embeddable":true,"href":"https:\/\/informacionlocal.es\/it\/wp-json\/wp\/v2\/users\/1"}],"replies":[{"embeddable":true,"href":"https:\/\/informacionlocal.es\/it\/wp-json\/wp\/v2\/comments?post=3902"}],"version-history":[{"count":0,"href":"https:\/\/informacionlocal.es\/it\/wp-json\/wp\/v2\/posts\/3902\/revisions"}],"wp:featuredmedia":[{"embeddable":true,"href":"https:\/\/informacionlocal.es\/it\/wp-json\/wp\/v2\/media\/3899"}],"wp:attachment":[{"href":"https:\/\/informacionlocal.es\/it\/wp-json\/wp\/v2\/media?parent=3902"}],"wp:term":[{"taxonomy":"category","embeddable":true,"href":"https:\/\/informacionlocal.es\/it\/wp-json\/wp\/v2\/categories?post=3902"},{"taxonomy":"post_tag","embeddable":true,"href":"https:\/\/informacionlocal.es\/it\/wp-json\/wp\/v2\/tags?post=3902"}],"curies":[{"name":"wp","href":"https:\/\/api.w.org\/{rel}","templated":true}]}}