{"id":3877,"date":"2025-05-19T09:51:46","date_gmt":"2025-05-19T09:51:46","guid":{"rendered":"https:\/\/informacionlocal.es\/pajara-si-consolida-come-uno-dei-tre-comuni-delle-isole-canarie-con-quattro-spiagge-bandiera-blu\/"},"modified":"2025-05-19T09:51:46","modified_gmt":"2025-05-19T09:51:46","slug":"pajara-si-consolida-come-uno-dei-tre-comuni-delle-isole-canarie-con-quattro-spiagge-bandiera-blu","status":"publish","type":"post","link":"https:\/\/informacionlocal.es\/it\/pajara-si-consolida-come-uno-dei-tre-comuni-delle-isole-canarie-con-quattro-spiagge-bandiera-blu\/","title":{"rendered":"P\u00e1jara si consolida come uno dei tre comuni delle Isole Canarie con quattro spiagge Bandiera Blu."},"content":{"rendered":"<div class=\"entry-content\">\n<p><b><i>Le spiagge di Morro Jable, El Matorral, Butihondo e Costa Calma continuano a essere riconosciute per la loro qualit\u00e0 e sostenibilit\u00e0.<\/i><\/b><\/p>\n<p><span>Il Comune di P\u00e1jara consolida la sua posizione di punto di riferimento nella gestione e nella qualit\u00e0 delle sue aree costiere mantenendo, nell&#8217;edizione 2025, le quattro Bandiere Blu che sventolano sulle sue spiagge. Questo riconoscimento, assegnato dalla Fondazione Europea per l&#8217;Educazione Ambientale, contraddistingue le spiagge che soddisfano una serie di criteri per la qualit\u00e0 delle acque, la sicurezza, la gestione ambientale, i servizi e l&#8217;informazione.   <\/span><\/p>\n<p><span>Con questi riconoscimenti, P\u00e1jara rimane uno dei soli tre comuni in tutte le Isole Canarie ad avere quattro spiagge con questa distinzione. In questo modo si consolida l&#8217;alto livello del suo litorale e si riafferma il continuo impegno del Comune nel mantenere e migliorare i suoi spazi naturali.   <\/span><\/p>\n<p><span>L&#8217;assessore alle Spiagge, Raimundo Dacosta, sottolinea lo sforzo collettivo che \u00e8 stato fatto per rinnovare le bandiere blu. &#8220;Abbiamo investito in accessibilit\u00e0, pulizia, sicurezza e miglioramento dei servizi. Le spiagge della citt\u00e0 sono un motivo di orgoglio per tutti e continueremo a lavorare per far s\u00ec che rimangano un punto di riferimento&#8221;, aggiunge.   <\/span><\/p>\n<p><span>Da parte sua, il sindaco di P\u00e1jara, Alejandro Jorge, sottolinea l&#8217;importanza di P\u00e1jara come destinazione turistica di prima classe e &#8220;le nostre spiagge sono una delle nostre principali attrazioni&#8221;. &#8220;Con questo, rafforziamo il nostro impegno per un modello turistico che rispetti l&#8217;ambiente e ci incoraggi a continuare a fare progressi nel continuo miglioramento dei nostri spazi naturali&#8221;, afferma.   <\/span><\/p>\n<p><span>Il Comune ha lavorato con determinazione per migliorare non solo queste quattro spiagge premiate, ma anche l&#8217;intero litorale comunale. Tra le azioni pi\u00f9 recenti c&#8217;\u00e8 il rinnovamento della segnaletica informativa, che facilita l&#8217;accesso alle informazioni chiave per residenti e visitatori. Inoltre, la sicurezza \u00e8 stata rafforzata con l&#8217;estensione delle attrezzature del servizio di sorveglianza, migliorando la capacit\u00e0 di risposta alle emergenze e garantendo la sicurezza degli utenti e del personale.    <\/span><\/p>\n<\/div>\n","protected":false},"excerpt":{"rendered":"<p><i>Le spiagge di Morro Jable, El Matorral, Butihondo e Costa Calma continuano a essere riconosciute per la loro qualit\u00e0 e sostenibilit\u00e0.<\/i><\/p>\n","protected":false},"author":1,"featured_media":3875,"comment_status":"open","ping_status":"open","sticky":false,"template":"","format":"standard","meta":{"inline_featured_image":false,"jnews-multi-image_gallery":[],"jnews_single_post":[],"jnews_primary_category":[],"jnews_social_meta":[],"jnews_override_counter":[],"jnews_post_split":[],"footnotes":""},"categories":[298],"tags":[202,309],"class_list":["post-3877","post","type-post","status-publish","format-standard","has-post-thumbnail","hentry","category-pajara-it","tag-comuni","tag-educacion-it"],"jetpack_featured_media_url":"https:\/\/informacionlocal.es\/wp-content\/uploads\/2025\/05\/bandera-azul-e1747647209711.jpg","_links":{"self":[{"href":"https:\/\/informacionlocal.es\/it\/wp-json\/wp\/v2\/posts\/3877","targetHints":{"allow":["GET"]}}],"collection":[{"href":"https:\/\/informacionlocal.es\/it\/wp-json\/wp\/v2\/posts"}],"about":[{"href":"https:\/\/informacionlocal.es\/it\/wp-json\/wp\/v2\/types\/post"}],"author":[{"embeddable":true,"href":"https:\/\/informacionlocal.es\/it\/wp-json\/wp\/v2\/users\/1"}],"replies":[{"embeddable":true,"href":"https:\/\/informacionlocal.es\/it\/wp-json\/wp\/v2\/comments?post=3877"}],"version-history":[{"count":0,"href":"https:\/\/informacionlocal.es\/it\/wp-json\/wp\/v2\/posts\/3877\/revisions"}],"wp:featuredmedia":[{"embeddable":true,"href":"https:\/\/informacionlocal.es\/it\/wp-json\/wp\/v2\/media\/3875"}],"wp:attachment":[{"href":"https:\/\/informacionlocal.es\/it\/wp-json\/wp\/v2\/media?parent=3877"}],"wp:term":[{"taxonomy":"category","embeddable":true,"href":"https:\/\/informacionlocal.es\/it\/wp-json\/wp\/v2\/categories?post=3877"},{"taxonomy":"post_tag","embeddable":true,"href":"https:\/\/informacionlocal.es\/it\/wp-json\/wp\/v2\/tags?post=3877"}],"curies":[{"name":"wp","href":"https:\/\/api.w.org\/{rel}","templated":true}]}}