{"id":3865,"date":"2025-05-17T10:19:19","date_gmt":"2025-05-17T10:19:19","guid":{"rendered":"https:\/\/informacionlocal.es\/esibizioni-equestri-e-verbena-del-solajero-questa-domenica-a-los-alares-fiestas\/"},"modified":"2025-05-17T10:19:19","modified_gmt":"2025-05-17T10:19:19","slug":"esibizioni-equestri-e-verbena-del-solajero-questa-domenica-a-los-alares-fiestas","status":"publish","type":"post","link":"https:\/\/informacionlocal.es\/it\/esibizioni-equestri-e-verbena-del-solajero-questa-domenica-a-los-alares-fiestas\/","title":{"rendered":"Esibizioni equestri e Verbena del Solajero questa domenica a Los Alares Fiestas"},"content":{"rendered":"<div class=\"elementor-widget-container\">\n<p><strong>Esibizioni equestri e Verbena del Solajero questa domenica a Los Alares Fiestas<\/strong><\/p>\n<p><strong>Los Alares celebra le sue feste in onore di Nuestra Se\u00f1ora de La Caridad del Cobre questa domenica in grande stile<\/strong><\/p>\n<p><strong>&#8211; Il banditore della citt\u00e0, il signor Antonio Gonz\u00e1lez Santana, ha passato in rassegna alcuni momenti divertenti, nominando molti amici avventurosi che oggi sono vicini di casa del comune.  <\/strong><br \/><strong>&#8211; Il sindaco, Mat\u00edas Pe\u00f1a, si \u00e8 congratulato con il banditore e ha chiesto un applauso e un incoraggiamento per il vicino di Los Alares e Commissario del Mancom\u00fan, Tom\u00e1s Acosta, che in questi giorni non gode di buona salute.  <\/strong><br \/><strong>&#8211; Verbena del Solajero alle 13:00 con le orchestre Estrella Latina, Jacomar, Grupo Bomba y su orquesta e Kandela.<\/strong><\/p>\n<p>Questo sabato, Los Alares ha celebrato la Romer\u00eda (pellegrinaggio) camminando senza fretta n\u00e9 pause lungo il burrone della Majada Blanca fino alla piazza del paese, dove li aspettava il banditore delle Fiestas 2025, il signor Antonio Gonz\u00e1lez Santana, che, accompagnato dal presentatore e amico Jos\u00e9 Francisco Montesdeoca, ha passato in rassegna alcuni momenti divertenti, nominando numerosi amici di avventura, oggi vicini di casa del comune.<\/p>\n<p>Il Sindaco, Mat\u00edas Pe\u00f1a, si \u00e8 congratulato con il banditore e lo ha ringraziato per il bel momento che ha regalato a tutti i presenti, vicini, amici e familiari. Ha inoltre chiesto un applauso per il signor Tom\u00e1s Acosta, vicino di casa e Commissario del Mancom\u00fan, augurandogli una pronta guarigione da un delicato stato di salute.<\/p>\n<p>Le Feste di Los Alares in onore di Nuestra Se\u00f1ora de La Caridad del Cobre, secondo l&#8217;Assessore alle Feste, Pedro Armas, offrono un intenso programma questa domenica 18 maggio, che inizia alle ore 9:30 con il IV Encuentro Ecuestre Los Alares con le scuderie Victoria e El Aceitunal che parteciperanno alla Carrera Sortija.<\/p>\n<p>Il consigliere ha aggiunto che ci sar\u00e0 anche un&#8217;esibizione e una gara di podencos alle 11:00, organizzata dall&#8217;Associazione Cacciatori di Fuerteventura, seguita alle 12:00 da un&#8217;esibizione di Lucha Canaria a cui potranno partecipare anche i pi\u00f9 audaci.<\/p>\n<p>E per finire, dice l&#8217;assessore Pedro Armas, la Gran Verbena del Solajero alle 13:00 con le orchestre Estrella Latina, Jacomar, Grupo Bomba y su orquesta e Kandela.<\/p>\n<\/div>\n","protected":false},"excerpt":{"rendered":"<p><strong>Esibizioni equestri e Verbena del Solajero questa domenica a Los Alares Fiestas<\/strong><\/p>\n","protected":false},"author":1,"featured_media":3863,"comment_status":"open","ping_status":"open","sticky":false,"template":"","format":"standard","meta":{"inline_featured_image":false,"jnews-multi-image_gallery":[],"jnews_single_post":[],"jnews_primary_category":[],"jnews_social_meta":[],"jnews_override_counter":[],"jnews_post_split":[],"footnotes":""},"categories":[282],"tags":[223],"class_list":["post-3865","post","type-post","status-publish","format-standard","has-post-thumbnail","hentry","category-antigua-it","tag-fuerteventura-it"],"jetpack_featured_media_url":"https:\/\/informacionlocal.es\/wp-content\/uploads\/2025\/05\/momentos-del-pregon-de-los-alares-2025-1.jpg","_links":{"self":[{"href":"https:\/\/informacionlocal.es\/it\/wp-json\/wp\/v2\/posts\/3865","targetHints":{"allow":["GET"]}}],"collection":[{"href":"https:\/\/informacionlocal.es\/it\/wp-json\/wp\/v2\/posts"}],"about":[{"href":"https:\/\/informacionlocal.es\/it\/wp-json\/wp\/v2\/types\/post"}],"author":[{"embeddable":true,"href":"https:\/\/informacionlocal.es\/it\/wp-json\/wp\/v2\/users\/1"}],"replies":[{"embeddable":true,"href":"https:\/\/informacionlocal.es\/it\/wp-json\/wp\/v2\/comments?post=3865"}],"version-history":[{"count":0,"href":"https:\/\/informacionlocal.es\/it\/wp-json\/wp\/v2\/posts\/3865\/revisions"}],"wp:featuredmedia":[{"embeddable":true,"href":"https:\/\/informacionlocal.es\/it\/wp-json\/wp\/v2\/media\/3863"}],"wp:attachment":[{"href":"https:\/\/informacionlocal.es\/it\/wp-json\/wp\/v2\/media?parent=3865"}],"wp:term":[{"taxonomy":"category","embeddable":true,"href":"https:\/\/informacionlocal.es\/it\/wp-json\/wp\/v2\/categories?post=3865"},{"taxonomy":"post_tag","embeddable":true,"href":"https:\/\/informacionlocal.es\/it\/wp-json\/wp\/v2\/tags?post=3865"}],"curies":[{"name":"wp","href":"https:\/\/api.w.org\/{rel}","templated":true}]}}