{"id":3844,"date":"2025-05-16T14:52:32","date_gmt":"2025-05-16T14:52:32","guid":{"rendered":"https:\/\/informacionlocal.es\/51-rally-de-senderos-de-la-palma-gli-unici-due-copiloti-dellisola-di-la-palma-sono-di-antigua\/"},"modified":"2025-05-16T14:52:32","modified_gmt":"2025-05-16T14:52:32","slug":"51-rally-de-senderos-de-la-palma-gli-unici-due-copiloti-dellisola-di-la-palma-sono-di-antigua","status":"publish","type":"post","link":"https:\/\/informacionlocal.es\/it\/51-rally-de-senderos-de-la-palma-gli-unici-due-copiloti-dellisola-di-la-palma-sono-di-antigua\/","title":{"rendered":"51 Rally de Senderos de La Palma gli unici due copiloti dell&#8217;isola di La Palma sono di Antigua."},"content":{"rendered":"<div class=\"elementor-widget-container\">\n<p><strong>51 Rally de Senderos de La Palma gli unici due copiloti dell&#8217;isola di La Palma sono di Antigua.<\/strong><\/p>\n<p><strong>&#8211; Ancora una volta in pista e tra i migliori team delle Isole Canarie, i copiloti Jonathan Hern\u00e1ndez e Jordi Negr\u00edn, con grandi corpi motore e insieme ai piloti di La Palma, rispettivamente Anibal de Luis e Lorenzo Fortuny.<\/strong><\/p>\n<p>L&#8217;emozione delle corse automobilistiche su pista sterrata \u00e8 ancora una volta offerta a tutti gli appassionati di automobilismo ad Antigua, con la partecipazione dei noti copiloti Jonathan Hern\u00e1ndez e Jordi Negr\u00edn, gli unici copiloti dell&#8217;isola di Maiorca che partecipano questo fine settimana al 51 Rally de Senderos de La Palma, un evento che vale per il Campionato delle Isole Canarie.<\/p>\n<p>Non resta che augurare la migliore fortuna a entrambi i team e soprattutto a questi giovani copiloti di Antigua che non si tirano indietro di fronte a nessuna sfida e sono richiesti tra i migliori team delle Isole Canarie&#8221;, afferma il sindaco, Mat\u00edas Pe\u00f1a.<\/p>\n<p>Che i loro calcoli siano accurati e precisi, dice l&#8217;Assessore allo Sport, Samuel Torres, che crescano di fronte alle difficolt\u00e0 e che i loro tempi al traguardo siano i migliori possibili per poter festeggiare, prima a La Palma con i loro compagni di squadra e poi qui ad Antigua, nel loro villaggio, con tutti gli appassionati di automobilismo che accogliamo.<\/p>\n<p>Entrambi i copiloti sono precisi nei calcoli e rischiosi nelle curve e nei dettagli dei tracciati che percorreranno in questo Rally de Senderos de La Palma con le loro carrozzerie perfettamente a punto.<\/p>\n<p>Nel caso di Jonathan, gareggia con il pilota di La Palma, An\u00edbal De Luis, su una Porsche 997 GT3, mentre il suo copilota Jordi fa coppia con Lorenzo Fortuny, anch&#8217;egli di La Palma, che in questa occasione guida una Renaul Clio III Cup.<\/p>\n<p>\u00c8 la seconda volta che formiamo una squadra&#8221;, dice Jonathan Hern\u00e1ndez in relazione ad An\u00edbal, &#8220;e cerchiamo l&#8217;obiettivo di divertirci e di liberarci della spina dell&#8217;ultima gara che abbiamo fatto insieme, visto che a causa di problemi meccanici ci siamo dovuti ritirare.<\/p>\n<p>Jordi, d&#8217;altra parte, ricorda che la sua macchina sta testando un Rally in pista, quindi l&#8217;eccitazione sar\u00e0 alta perch\u00e9 passeremo da meno a pi\u00f9, cercando un rapido adattamento della macchina ad alcune sezioni molto complicate.<\/p>\n<\/p>\n<\/div>\n","protected":false},"excerpt":{"rendered":"<p><strong>51 Rally de Senderos de La Palma gli unici due copiloti dell&#8217;isola di La Palma sono di Antigua.<\/strong><\/p>\n","protected":false},"author":1,"featured_media":3839,"comment_status":"open","ping_status":"open","sticky":false,"template":"","format":"standard","meta":{"inline_featured_image":false,"jnews-multi-image_gallery":[],"jnews_single_post":[],"jnews_primary_category":[],"jnews_social_meta":[],"jnews_override_counter":[],"jnews_post_split":[],"footnotes":""},"categories":[282],"tags":[],"class_list":["post-3844","post","type-post","status-publish","format-standard","has-post-thumbnail","hentry","category-antigua-it"],"jetpack_featured_media_url":"https:\/\/informacionlocal.es\/wp-content\/uploads\/2025\/05\/los-copilotos-de-antigua-jonathan-y-jordi-entre-los-mejores-de-canarias.jpg","_links":{"self":[{"href":"https:\/\/informacionlocal.es\/it\/wp-json\/wp\/v2\/posts\/3844","targetHints":{"allow":["GET"]}}],"collection":[{"href":"https:\/\/informacionlocal.es\/it\/wp-json\/wp\/v2\/posts"}],"about":[{"href":"https:\/\/informacionlocal.es\/it\/wp-json\/wp\/v2\/types\/post"}],"author":[{"embeddable":true,"href":"https:\/\/informacionlocal.es\/it\/wp-json\/wp\/v2\/users\/1"}],"replies":[{"embeddable":true,"href":"https:\/\/informacionlocal.es\/it\/wp-json\/wp\/v2\/comments?post=3844"}],"version-history":[{"count":0,"href":"https:\/\/informacionlocal.es\/it\/wp-json\/wp\/v2\/posts\/3844\/revisions"}],"wp:featuredmedia":[{"embeddable":true,"href":"https:\/\/informacionlocal.es\/it\/wp-json\/wp\/v2\/media\/3839"}],"wp:attachment":[{"href":"https:\/\/informacionlocal.es\/it\/wp-json\/wp\/v2\/media?parent=3844"}],"wp:term":[{"taxonomy":"category","embeddable":true,"href":"https:\/\/informacionlocal.es\/it\/wp-json\/wp\/v2\/categories?post=3844"},{"taxonomy":"post_tag","embeddable":true,"href":"https:\/\/informacionlocal.es\/it\/wp-json\/wp\/v2\/tags?post=3844"}],"curies":[{"name":"wp","href":"https:\/\/api.w.org\/{rel}","templated":true}]}}