{"id":3830,"date":"2025-05-16T14:34:25","date_gmt":"2025-05-16T14:34:25","guid":{"rendered":"https:\/\/informacionlocal.es\/scuole-primarie-e-scuole-elementari-celebrano-una-giornata-di-convivenza-stellare-sulla-spiaggia-di-la-guirra\/"},"modified":"2025-05-16T14:34:25","modified_gmt":"2025-05-16T14:34:25","slug":"scuole-primarie-e-scuole-elementari-celebrano-una-giornata-di-convivenza-stellare-sulla-spiaggia-di-la-guirra","status":"publish","type":"post","link":"https:\/\/informacionlocal.es\/it\/scuole-primarie-e-scuole-elementari-celebrano-una-giornata-di-convivenza-stellare-sulla-spiaggia-di-la-guirra\/","title":{"rendered":"Scuole primarie e scuole elementari celebrano una giornata di convivenza stellare sulla spiaggia di La Guirra"},"content":{"rendered":"<div class=\"elementor-widget-container\">\n<p><strong>Scuole primarie e scuole elementari celebrano una giornata di convivenza stellare sulla spiaggia di La Guirra<\/strong><\/p>\n<p><strong>&#8211; Cento studenti della sesta classe della scuola primaria stanno partecipando alla giornata della convivenza sulla spiaggia di La Guirra a Caleta de Fuste.  <\/strong><br \/><strong>&#8211; La giornata fa parte del progetto educativo delle scuole del distretto scolastico di Antigua, Estela.<\/strong><\/p>\n<p>Il sindaco Mat\u00edas Pe\u00f1a e l&#8217;assessore all&#8217;Educazione Am\u00e9rica Soto Betancor hanno dato il benvenuto ai cento studenti del 6\u00b0 anno della scuola primaria che nella mattinata di venerd\u00ec 16 maggio hanno partecipato alla Giornata della Convivenza tenutasi presso il CEIP El Castillo e la spiaggia La Guirra di Caleta de Fuste.<\/p>\n<p>La conferenza fa parte del progetto Estela, che quest&#8217;anno ha proposto diverse attivit\u00e0 a cui hanno partecipato e realizzato insieme le scuole Francisca P\u00e9rez di Triquivijate, Alcaldesa Amparo Torres di Betancuria, Gumersindo Martel di Valles de Santa In\u00e9s, oltre alle scuole primarie di Valles de Ortega, Ampuyenta, CEIP El Castillo e il CEO di Antigua.<\/p>\n<p>Tra i progetti proposti dal progetto Estela, spiega la coordinatrice del Distretto, Marta L. Torrent, che hanno visto il coinvolgimento della comunit\u00e0 educativa di ogni centro, con tutte le attivit\u00e0 svolte sempre in gruppo, incontri e convivenza, ci sono Il nostro albero delle stelle durante lo scorso Natale, Carnavaleando con Estela durante il mese di febbraio, il progetto, anch&#8217;esso comune, di preparare un libro di ricette canarie e questo venerd\u00ec la Giornata della convivenza sulla spiaggia di El Castillo.<\/p>\n<\/div>\n","protected":false},"excerpt":{"rendered":"<p><strong>Scuole primarie e scuole elementari celebrano una giornata di convivenza stellare sulla spiaggia di La Guirra<\/strong><\/p>\n","protected":false},"author":1,"featured_media":3827,"comment_status":"open","ping_status":"open","sticky":false,"template":"","format":"standard","meta":{"inline_featured_image":false,"jnews-multi-image_gallery":[],"jnews_single_post":[],"jnews_primary_category":[],"jnews_social_meta":[],"jnews_override_counter":[],"jnews_post_split":[],"footnotes":""},"categories":[282],"tags":[309],"class_list":["post-3830","post","type-post","status-publish","format-standard","has-post-thumbnail","hentry","category-antigua-it","tag-educacion-it"],"jetpack_featured_media_url":"https:\/\/informacionlocal.es\/wp-content\/uploads\/2025\/05\/convivencia-escuelas-en-la-playa-del-castillo-con-el-proyecto-estela-4-scaled-1.jpg","_links":{"self":[{"href":"https:\/\/informacionlocal.es\/it\/wp-json\/wp\/v2\/posts\/3830","targetHints":{"allow":["GET"]}}],"collection":[{"href":"https:\/\/informacionlocal.es\/it\/wp-json\/wp\/v2\/posts"}],"about":[{"href":"https:\/\/informacionlocal.es\/it\/wp-json\/wp\/v2\/types\/post"}],"author":[{"embeddable":true,"href":"https:\/\/informacionlocal.es\/it\/wp-json\/wp\/v2\/users\/1"}],"replies":[{"embeddable":true,"href":"https:\/\/informacionlocal.es\/it\/wp-json\/wp\/v2\/comments?post=3830"}],"version-history":[{"count":0,"href":"https:\/\/informacionlocal.es\/it\/wp-json\/wp\/v2\/posts\/3830\/revisions"}],"wp:featuredmedia":[{"embeddable":true,"href":"https:\/\/informacionlocal.es\/it\/wp-json\/wp\/v2\/media\/3827"}],"wp:attachment":[{"href":"https:\/\/informacionlocal.es\/it\/wp-json\/wp\/v2\/media?parent=3830"}],"wp:term":[{"taxonomy":"category","embeddable":true,"href":"https:\/\/informacionlocal.es\/it\/wp-json\/wp\/v2\/categories?post=3830"},{"taxonomy":"post_tag","embeddable":true,"href":"https:\/\/informacionlocal.es\/it\/wp-json\/wp\/v2\/tags?post=3830"}],"curies":[{"name":"wp","href":"https:\/\/api.w.org\/{rel}","templated":true}]}}