{"id":3820,"date":"2025-05-16T13:53:54","date_gmt":"2025-05-16T13:53:54","guid":{"rendered":"https:\/\/informacionlocal.es\/inizio-del-progetto-lorto-urbano-della-mia-scuola-a-la-oliva\/"},"modified":"2025-05-16T13:53:54","modified_gmt":"2025-05-16T13:53:54","slug":"inizio-del-progetto-lorto-urbano-della-mia-scuola-a-la-oliva","status":"publish","type":"post","link":"https:\/\/informacionlocal.es\/it\/inizio-del-progetto-lorto-urbano-della-mia-scuola-a-la-oliva\/","title":{"rendered":"Inizio del progetto &#8220;L&#8217;orto urbano della mia scuola&#8221; a La Oliva"},"content":{"rendered":"<p>Il Comune di La Oliva, attraverso il Dipartimento dei Giardini, diretto da Ver\u00f3nica Saavedra, sta iniziando la parte pratica del programma &#8220;L&#8217;orto urbano della mia scuola&#8221; con gli studenti del CEIP Lajares. L&#8217;obiettivo di questo progetto \u00e8 portare nelle scuole del comune le conoscenze di base sul giardinaggio, l&#8217;ambiente naturale e la consapevolezza ambientale. Dopo una prima lezione teorica tenuta dal tecnico di giardinaggio del Concistoro, gli studenti hanno iniziato oggi a mettere in pratica quanto appreso nel laboratorio di giardinaggio.    <\/p>\n<p>I bambini hanno potuto godere di una mattinata a diretto contatto con l&#8217;ambiente naturale in uno degli spazi verdi situati all&#8217;ingresso della citt\u00e0. Guaydil, Dimorphoteca, Espina de Cristo, Callistemon, Jacaranda, Gauras e Santasnoches erano alcune delle piante che dovevano collocare in questo spazio destinato alla realizzazione della scuola.   <\/p>\n<p>Il sindaco di La Oliva, Isa\u00ed Blanco, afferma: &#8220;Attraverso questo laboratorio possiamo portare il lavoro di giardinaggio, spesso trascurato, ai bambini pi\u00f9 piccoli. In questo senso, gli studenti delle diverse scuole del comune non ricevono solo una formazione teorica, ma anche una formazione pratica sulla flora e su come creare e curare il proprio giardino, portando cos\u00ec l&#8217;insegnamento fuori dalle aule. In questo modo otteniamo per i nostri bambini un contatto diretto con la natura, la partecipazione e la collaborazione con i compagni, nonch\u00e9 il piacere di imparare al di l\u00e0 dei libri&#8221;.  <\/p>\n<p>Da parte sua, l&#8217;assessore ai Giardini, Ver\u00f3nica Saavedra, sottolinea il desiderio di portare la conoscenza del giardinaggio ai pi\u00f9 piccoli: &#8220;Noi del Consiglio consideriamo questo programma il modo migliore per insegnare le conoscenze di base ai bambini del comune. Con &#8216;L&#8217;orto urbano della mia scuola&#8217; riusciamo a coprire due aree di conoscenza, attraverso, da un lato, la parte teorica, insegnando il tipo di piante adatte ad essere piantate nel comune o le cure necessarie che dovrebbero ricevere, ma anche la parte puramente pratica. L&#8217;obiettivo \u00e8 che gli studenti si godano l&#8217;ambiente naturale, abbiano un primo contatto con il giardinaggio e si ricordino dell&#8217;importanza di prendersi cura dell&#8217;ambiente che li circonda&#8221;.  <\/p>\n<p>Questo laboratorio continuer\u00e0 con la sua parte teorica e pratica nelle scuole di La Oliva, Tindaya, Parque Natural e El Tost\u00f3n de El Cotillo. Inoltre, una targa commemorativa sar\u00e0 posta nel giardino progettato da ogni scuola per ricordare questa azione, in modo che il lavoro di questi bambini duri nel tempo. <\/p>\n","protected":false},"excerpt":{"rendered":"<p><span>Gli studenti della terza e quarta classe del CEIP di Lajares inaugurano un programma che cerca di avvicinare i bambini del comune al giardinaggio, alla natura e alla partecipazione.<\/span><\/p>\n","protected":false},"author":1,"featured_media":3815,"comment_status":"open","ping_status":"open","sticky":false,"template":"","format":"standard","meta":{"inline_featured_image":false,"jnews-multi-image_gallery":[],"jnews_single_post":[],"jnews_primary_category":[],"jnews_social_meta":[],"jnews_override_counter":[],"jnews_post_split":[],"footnotes":""},"categories":[292],"tags":[205],"class_list":["post-3820","post","type-post","status-publish","format-standard","has-post-thumbnail","hentry","category-la-oliva-it","tag-ambiente"],"jetpack_featured_media_url":"https:\/\/informacionlocal.es\/wp-content\/uploads\/2025\/05\/5197_49c99ea5.png","_links":{"self":[{"href":"https:\/\/informacionlocal.es\/it\/wp-json\/wp\/v2\/posts\/3820","targetHints":{"allow":["GET"]}}],"collection":[{"href":"https:\/\/informacionlocal.es\/it\/wp-json\/wp\/v2\/posts"}],"about":[{"href":"https:\/\/informacionlocal.es\/it\/wp-json\/wp\/v2\/types\/post"}],"author":[{"embeddable":true,"href":"https:\/\/informacionlocal.es\/it\/wp-json\/wp\/v2\/users\/1"}],"replies":[{"embeddable":true,"href":"https:\/\/informacionlocal.es\/it\/wp-json\/wp\/v2\/comments?post=3820"}],"version-history":[{"count":0,"href":"https:\/\/informacionlocal.es\/it\/wp-json\/wp\/v2\/posts\/3820\/revisions"}],"wp:featuredmedia":[{"embeddable":true,"href":"https:\/\/informacionlocal.es\/it\/wp-json\/wp\/v2\/media\/3815"}],"wp:attachment":[{"href":"https:\/\/informacionlocal.es\/it\/wp-json\/wp\/v2\/media?parent=3820"}],"wp:term":[{"taxonomy":"category","embeddable":true,"href":"https:\/\/informacionlocal.es\/it\/wp-json\/wp\/v2\/categories?post=3820"},{"taxonomy":"post_tag","embeddable":true,"href":"https:\/\/informacionlocal.es\/it\/wp-json\/wp\/v2\/tags?post=3820"}],"curies":[{"name":"wp","href":"https:\/\/api.w.org\/{rel}","templated":true}]}}