{"id":3770,"date":"2025-05-16T12:01:29","date_gmt":"2025-05-16T12:01:29","guid":{"rendered":"https:\/\/informacionlocal.es\/il-municipio-di-pajara-sottolinea-lintervento-della-polizia-locale-nellarresto-di-due-sospetti-per-rapina\/"},"modified":"2025-05-16T12:01:29","modified_gmt":"2025-05-16T12:01:29","slug":"il-municipio-di-pajara-sottolinea-lintervento-della-polizia-locale-nellarresto-di-due-sospetti-per-rapina","status":"publish","type":"post","link":"https:\/\/informacionlocal.es\/it\/il-municipio-di-pajara-sottolinea-lintervento-della-polizia-locale-nellarresto-di-due-sospetti-per-rapina\/","title":{"rendered":"Il Municipio di P\u00e1jara sottolinea l&#8217;intervento della Polizia locale nell&#8217;arresto di due sospetti per rapina."},"content":{"rendered":"<div class=\"entry-content\">\n<p><span>La Polizia Locale di P\u00e1jara informa dell&#8217;arresto di due persone coinvolte in una rapina commessa nella localit\u00e0 di Costa Calma durante la giornata di mercoled\u00ec 14 maggio.  <\/span><\/p>\n<p><span>Grazie al rapido intervento degli agenti, i presunti autori sono stati individuati e arrestati il giorno stesso, poche ore dopo i fatti. L&#8217;azione della polizia ha portato al recupero di vari oggetti rubati, che sono in fase di analisi nell&#8217;ambito delle indagini in corso.   <\/span><\/p>\n<p><span>Gli arrestati sono stati consegnati alla Guardia Civil, che sta proseguendo le procedure del caso per fare piena luce sull&#8217;accaduto.  <\/span><\/p>\n<p><span>L&#8217;assessore alla Sicurezza e alle Emergenze, Raimundo Dacosta, \u00e8 positivo sull&#8217;efficacia dell&#8217;intervento della polizia e sottolinea &#8220;l&#8217;impegno delle forze di sicurezza municipali nella protezione dei residenti del comune&#8221;.  <\/span><\/p>\n<p><span>L&#8217;assessore ha anche ringraziato i cittadini per la loro collaborazione, che &#8220;\u00e8 stata decisiva per identificare il veicolo su cui viaggiavano le persone coinvolte&#8221;, il che ha permesso di accelerare la loro localizzazione e il successivo arresto. Questo tipo di collaborazione tra cittadini e forze di sicurezza \u00e8 fondamentale per mantenere la sicurezza nel comune.   <\/span><\/p>\n<\/p>\n<\/div>\n","protected":false},"excerpt":{"rendered":"<p>La Polizia Locale di P\u00e1jara informa dell&#8217;arresto di due persone coinvolte in una rapina commessa nella localit\u00e0 di Costa Calma durante la giornata di mercoled\u00ec 14 maggio. Grazie al rapido [&hellip;]<\/p>\n","protected":false},"author":1,"featured_media":3767,"comment_status":"open","ping_status":"open","sticky":false,"template":"","format":"standard","meta":{"inline_featured_image":false,"jnews-multi-image_gallery":[],"jnews_single_post":[],"jnews_primary_category":[],"jnews_social_meta":[],"jnews_override_counter":[],"jnews_post_split":[],"footnotes":""},"categories":[298],"tags":[],"class_list":["post-3770","post","type-post","status-publish","format-standard","has-post-thumbnail","hentry","category-pajara-it"],"jetpack_featured_media_url":"https:\/\/informacionlocal.es\/wp-content\/uploads\/2025\/05\/policia-local-1-e1747394305144.png","_links":{"self":[{"href":"https:\/\/informacionlocal.es\/it\/wp-json\/wp\/v2\/posts\/3770","targetHints":{"allow":["GET"]}}],"collection":[{"href":"https:\/\/informacionlocal.es\/it\/wp-json\/wp\/v2\/posts"}],"about":[{"href":"https:\/\/informacionlocal.es\/it\/wp-json\/wp\/v2\/types\/post"}],"author":[{"embeddable":true,"href":"https:\/\/informacionlocal.es\/it\/wp-json\/wp\/v2\/users\/1"}],"replies":[{"embeddable":true,"href":"https:\/\/informacionlocal.es\/it\/wp-json\/wp\/v2\/comments?post=3770"}],"version-history":[{"count":0,"href":"https:\/\/informacionlocal.es\/it\/wp-json\/wp\/v2\/posts\/3770\/revisions"}],"wp:featuredmedia":[{"embeddable":true,"href":"https:\/\/informacionlocal.es\/it\/wp-json\/wp\/v2\/media\/3767"}],"wp:attachment":[{"href":"https:\/\/informacionlocal.es\/it\/wp-json\/wp\/v2\/media?parent=3770"}],"wp:term":[{"taxonomy":"category","embeddable":true,"href":"https:\/\/informacionlocal.es\/it\/wp-json\/wp\/v2\/categories?post=3770"},{"taxonomy":"post_tag","embeddable":true,"href":"https:\/\/informacionlocal.es\/it\/wp-json\/wp\/v2\/tags?post=3770"}],"curies":[{"name":"wp","href":"https:\/\/api.w.org\/{rel}","templated":true}]}}