{"id":3666,"date":"2025-05-16T00:14:09","date_gmt":"2025-05-16T00:14:09","guid":{"rendered":"https:\/\/informacionlocal.es\/le-notti-di-luna-piena-tornano-alle-fornaci-di-calce-di-el-charco\/"},"modified":"2025-05-16T00:14:09","modified_gmt":"2025-05-16T00:14:09","slug":"le-notti-di-luna-piena-tornano-alle-fornaci-di-calce-di-el-charco","status":"publish","type":"post","link":"https:\/\/informacionlocal.es\/it\/le-notti-di-luna-piena-tornano-alle-fornaci-di-calce-di-el-charco\/","title":{"rendered":"Le notti di luna piena tornano alle fornaci di calce di El Charco"},"content":{"rendered":"<div class=\"entry-content\">\n<div class=\"x11i5rnm xat24cr x1mh8g0r x1vvkbs xtlvy1s x126k92a\">\n<div dir=\"auto\">Venerd\u00ec 16 maggio, \u00e8 la notte di luna piena!  <span class=\"html-span xexx8yu x4uap5 x18d9i69 xkhd6sd x1hl2dhg x16tdsg8 x1vvkbs x3nfvp2 x1j61x8r x1fcty0u xdj266r xat24cr xgzva0m xhhsvwb xxymvpz xlup9mm x1kky2od\"><img loading=\"lazy\" decoding=\"async\" loading=\"lazy\" class=\"xz74otr x168nmei x13lgxp2 x5pf9jr xo71vjh\" src=\"https:\/\/informacionlocal.es\/wp-content\/uploads\/2025\/05\/1f315.png\" alt=\"\ud83c\udf15\" width=\"16\" height=\"16\" title=\"1f315\"><\/span><\/div>\n<\/div>\n<div class=\"x11i5rnm xat24cr x1mh8g0r x1vvkbs xtlvy1s x126k92a\">\n<div dir=\"auto\"><span class=\"html-span xexx8yu x4uap5 x18d9i69 xkhd6sd x1hl2dhg x16tdsg8 x1vvkbs x3nfvp2 x1j61x8r x1fcty0u xdj266r xat24cr xgzva0m xhhsvwb xxymvpz xlup9mm x1kky2od\"><img loading=\"lazy\" decoding=\"async\" loading=\"lazy\" class=\"xz74otr x168nmei x13lgxp2 x5pf9jr xo71vjh\" src=\"https:\/\/informacionlocal.es\/wp-content\/uploads\/2025\/05\/1f4dd.png\" alt=\"\ud83d\udcdd\" width=\"16\" height=\"16\" title=\"1f4dd\"><\/span>  Segnatelo in agenda!<\/div>\n<\/div>\n<div class=\"x11i5rnm xat24cr x1mh8g0r x1vvkbs xtlvy1s x126k92a\">\n<div dir=\"auto\"><span class=\"html-span xexx8yu x4uap5 x18d9i69 xkhd6sd x1hl2dhg x16tdsg8 x1vvkbs x3nfvp2 x1j61x8r x1fcty0u xdj266r xat24cr xgzva0m xhhsvwb xxymvpz xlup9mm x1kky2od\"><img loading=\"lazy\" decoding=\"async\" loading=\"lazy\" class=\"xz74otr x168nmei x13lgxp2 x5pf9jr xo71vjh\" src=\"https:\/\/informacionlocal.es\/wp-content\/uploads\/2025\/05\/1f4c5.png\" alt=\"\ud83d\udcc5\" width=\"16\" height=\"16\" title=\"1f4c5\"><\/span>  venerd\u00ec 16 maggio 2025. EVENTO GRATUITO <\/div>\n<div dir=\"auto\"><span class=\"html-span xexx8yu x4uap5 x18d9i69 xkhd6sd x1hl2dhg x16tdsg8 x1vvkbs x3nfvp2 x1j61x8r x1fcty0u xdj266r xat24cr xgzva0m xhhsvwb xxymvpz xlup9mm x1kky2od\"><img loading=\"lazy\" decoding=\"async\" loading=\"lazy\" class=\"xz74otr x168nmei x13lgxp2 x5pf9jr xo71vjh\" src=\"https:\/\/informacionlocal.es\/wp-content\/uploads\/2025\/05\/23f0-1.png\" alt=\"\u23f0\" width=\"16\" height=\"16\" title=\"23f0-1\"><\/span>  Dalle 20:00 alle 00:00 h.<\/div>\n<\/div>\n<div class=\"x11i5rnm xat24cr x1mh8g0r x1vvkbs xtlvy1s x126k92a\">\n<div dir=\"auto\"><span class=\"html-span xexx8yu x4uap5 x18d9i69 xkhd6sd x1hl2dhg x16tdsg8 x1vvkbs x3nfvp2 x1j61x8r x1fcty0u xdj266r xat24cr xgzva0m xhhsvwb xxymvpz xlup9mm x1kky2od\"><img loading=\"lazy\" decoding=\"async\" loading=\"lazy\" class=\"xz74otr x168nmei x13lgxp2 x5pf9jr xo71vjh\" src=\"https:\/\/informacionlocal.es\/wp-content\/uploads\/2025\/05\/1f4cd-1.png\" alt=\"\ud83d\udccd\" width=\"16\" height=\"16\" title=\"1f4cd-1\"><\/span>  Fornaci di calce di El Charco, vicino al mare (accanto al Club Sportivo Herbania).<\/div>\n<div dir=\"auto\">Si pu\u00f2 cogliere l&#8217;occasione per visitare il Centro di Interpretazione delle Fornaci da Calce (CIHC) che rester\u00e0 aperto fino a mezzanotte.<\/div>\n<\/div>\n<div class=\"x11i5rnm xat24cr x1mh8g0r x1vvkbs xtlvy1s x126k92a\">\n<div dir=\"auto\"><span class=\"html-span xexx8yu x4uap5 x18d9i69 xkhd6sd x1hl2dhg x16tdsg8 x1vvkbs x3nfvp2 x1j61x8r x1fcty0u xdj266r xat24cr xgzva0m xhhsvwb xxymvpz xlup9mm x1kky2od\"><img loading=\"lazy\" decoding=\"async\" loading=\"lazy\" class=\"xz74otr x168nmei x13lgxp2 x5pf9jr xo71vjh\" src=\"https:\/\/informacionlocal.es\/wp-content\/uploads\/2025\/05\/1f4cc.png\" alt=\"\ud83d\udccc\" width=\"16\" height=\"16\" title=\"1f4cc\"><\/span>Laboratori per bambini, mercato, area gastronomica e spettacoli musicali:<\/div>\n<div dir=\"auto\"><span class=\"html-span xexx8yu x4uap5 x18d9i69 xkhd6sd x1hl2dhg x16tdsg8 x1vvkbs x3nfvp2 x1j61x8r x1fcty0u xdj266r xat24cr xgzva0m xhhsvwb xxymvpz xlup9mm x1kky2od\"><img loading=\"lazy\" decoding=\"async\" loading=\"lazy\" class=\"xz74otr x168nmei x13lgxp2 x5pf9jr xo71vjh\" src=\"https:\/\/informacionlocal.es\/wp-content\/uploads\/2025\/05\/1f3b8.png\" alt=\"\ud83c\udfb8\" width=\"16\" height=\"16\" title=\"1f3b8\"><\/span>DI JARANA E SIROKO  <span class=\"html-span xexx8yu x4uap5 x18d9i69 xkhd6sd x1hl2dhg x16tdsg8 x1vvkbs x3nfvp2 x1j61x8r x1fcty0u xdj266r xat24cr xgzva0m xhhsvwb xxymvpz xlup9mm x1kky2od\"><img loading=\"lazy\" decoding=\"async\" loading=\"lazy\" class=\"xz74otr x168nmei x13lgxp2 x5pf9jr xo71vjh\" src=\"https:\/\/informacionlocal.es\/wp-content\/uploads\/2025\/05\/1f3b8.png\" alt=\"\ud83c\udfb8\" width=\"16\" height=\"16\" title=\"1f3b8\"><\/span><\/div>\n<\/div>\n<\/div>\n","protected":false},"excerpt":{"rendered":"<p>Venerd\u00ec 16 maggio, \u00e8 la notte di luna piena! Segnatelo in agenda! venerd\u00ec 16 maggio 2025. EVENTO GRATUITO Dalle 20:00 alle 00:00 h. Fornaci di calce di El Charco, vicino [&hellip;]<\/p>\n","protected":false},"author":1,"featured_media":3635,"comment_status":"open","ping_status":"open","sticky":false,"template":"","format":"standard","meta":{"inline_featured_image":false,"jnews-multi-image_gallery":[],"jnews_single_post":[],"jnews_primary_category":[],"jnews_social_meta":[],"jnews_override_counter":[],"jnews_post_split":[],"footnotes":""},"categories":[295],"tags":[],"class_list":["post-3666","post","type-post","status-publish","format-standard","has-post-thumbnail","hentry","category-puerto-del-rosario-it"],"jetpack_featured_media_url":"https:\/\/informacionlocal.es\/wp-content\/uploads\/2025\/05\/luna-22-llena-0225-concierto.jpg","_links":{"self":[{"href":"https:\/\/informacionlocal.es\/it\/wp-json\/wp\/v2\/posts\/3666","targetHints":{"allow":["GET"]}}],"collection":[{"href":"https:\/\/informacionlocal.es\/it\/wp-json\/wp\/v2\/posts"}],"about":[{"href":"https:\/\/informacionlocal.es\/it\/wp-json\/wp\/v2\/types\/post"}],"author":[{"embeddable":true,"href":"https:\/\/informacionlocal.es\/it\/wp-json\/wp\/v2\/users\/1"}],"replies":[{"embeddable":true,"href":"https:\/\/informacionlocal.es\/it\/wp-json\/wp\/v2\/comments?post=3666"}],"version-history":[{"count":0,"href":"https:\/\/informacionlocal.es\/it\/wp-json\/wp\/v2\/posts\/3666\/revisions"}],"wp:featuredmedia":[{"embeddable":true,"href":"https:\/\/informacionlocal.es\/it\/wp-json\/wp\/v2\/media\/3635"}],"wp:attachment":[{"href":"https:\/\/informacionlocal.es\/it\/wp-json\/wp\/v2\/media?parent=3666"}],"wp:term":[{"taxonomy":"category","embeddable":true,"href":"https:\/\/informacionlocal.es\/it\/wp-json\/wp\/v2\/categories?post=3666"},{"taxonomy":"post_tag","embeddable":true,"href":"https:\/\/informacionlocal.es\/it\/wp-json\/wp\/v2\/tags?post=3666"}],"curies":[{"name":"wp","href":"https:\/\/api.w.org\/{rel}","templated":true}]}}