{"id":3602,"date":"2025-05-15T15:32:44","date_gmt":"2025-05-15T15:32:44","guid":{"rendered":"https:\/\/informacionlocal.es\/antigua-completa-e-accetta-la-ristrutturazione-completa-dellavenida-virgen-de-la-pena-a-caleta-de-fuste\/"},"modified":"2025-05-15T15:32:44","modified_gmt":"2025-05-15T15:32:44","slug":"antigua-completa-e-accetta-la-ristrutturazione-completa-dellavenida-virgen-de-la-pena-a-caleta-de-fuste","status":"publish","type":"post","link":"https:\/\/informacionlocal.es\/it\/antigua-completa-e-accetta-la-ristrutturazione-completa-dellavenida-virgen-de-la-pena-a-caleta-de-fuste\/","title":{"rendered":"Antigua completa e accetta la ristrutturazione completa dell&#8217;Avenida Virgen de la Pe\u00f1a a Caleta de Fuste."},"content":{"rendered":"<div class=\"elementor-widget-container\">\n<p><strong>Antigua completa e accetta la ristrutturazione completa dell&#8217;Avenida Virgen de la Pe\u00f1a a Caleta de Fuste.<\/strong><\/p>\n<p><strong>&#8211; Ho un team tecnico e professionale, giovane e affidabile, che risponde e promuove il miglioramento delle strade, dei viali e dei progetti di progresso&#8221;, afferma il sindaco, Mat\u00edas Pe\u00f1a.  <\/strong><br \/><strong>&#8211; Caleta de Fuste aggiunge l&#8217;Avenida Virgen de La Pe\u00f1a alle strade principali che sono state rimodellate, abbellite e completate con tutti i collegamenti alle diverse reti di distribuzione.  <\/strong><br \/><strong>&#8211; L&#8217;Avenida de Virgen de la Pe\u00f1a ha dovuto superare una pandemia e una nuova contrattazione di un&#8217;impresa di costruzioni, ma dopo un investimento di 3,8 milioni di euro e aver dovuto assumere come sindaco la responsabilit\u00e0 della sua realizzazione, oggi \u00e8 una realt\u00e0 che \u00e8 un piacere percorrere, dice Mat\u00edas Pe\u00f1a.<\/strong><\/p>\n<p>Il sindaco di Antigua, Mat\u00edas Pe\u00f1a, ha assistito alla firma del ricevimento e al completamento dei lavori per il completo rifacimento dell&#8217;Avenida Virgen de La Pe\u00f1a a Caleta de Fuste, accompagnato dagli assessori all&#8217;Urbanistica, David Alberto, ai Lavori e Servizi, Juan Cabrera, e al Turismo, Kristina Rodewig.<\/p>\n<p>Il sindaco ha sottolineato la professionalit\u00e0, la costanza e la resistenza a qualsiasi problema, dell&#8217;architetto Hugo Rami, che in questo come in altri progetti eseguiti e in fase di esecuzione si \u00e8 guadagnato la mia totale fiducia, cos\u00ec come il responsabile delle apparecchiature elettriche, Goreti Hern\u00e1ndez, e aggiunge Mat\u00edas Pe\u00f1a, e, naturalmente, i tecnici comunali che mi circondano e che sono una squadra vincente per promuovere lo sviluppo di numerosi progetti, i tecnici comunali che mi circondano e che sono una squadra vincente per promuovere lo sviluppo di numerosi progetti, tra cui, qui presenti a questa firma di ricevimento, Noelia Betancor, architetto capo dell&#8217;ufficio tecnico, Marta Floriano, giovane e ferma revisore dei conti comunale e il supporto e la consulenza legale della segretaria del Municipio di Antigua, Raquel Ant\u00f3n.<\/p>\n<p>L&#8217;Avenida de Virgen de la Pe\u00f1a ha dovuto superare una pandemia e una nuova contrattazione di un&#8217;impresa di costruzioni, ma dopo un investimento di 3,8 milioni di euro e aver dovuto assumere come sindaco la responsabilit\u00e0 della sua realizzazione, oggi \u00e8 una realt\u00e0 che \u00e8 un piacere percorrere, dice Mat\u00edas Pe\u00f1a.<\/p>\n<\/div>\n","protected":false},"excerpt":{"rendered":"<p><strong>Antigua completa e accetta la ristrutturazione completa dell&#8217;Avenida Virgen de la Pe\u00f1a a Caleta de Fuste.<\/strong><\/p>\n","protected":false},"author":1,"featured_media":3599,"comment_status":"open","ping_status":"open","sticky":false,"template":"","format":"standard","meta":{"inline_featured_image":false,"jnews-multi-image_gallery":[],"jnews_single_post":[],"jnews_primary_category":[],"jnews_social_meta":[],"jnews_override_counter":[],"jnews_post_split":[],"footnotes":""},"categories":[282],"tags":[],"class_list":["post-3602","post","type-post","status-publish","format-standard","has-post-thumbnail","hentry","category-antigua-it"],"jetpack_featured_media_url":"https:\/\/informacionlocal.es\/wp-content\/uploads\/2025\/05\/antigua-finaliza-y-recepciona-la-remodelacion-integral-de-la-avda-virgen-de-la-pena-2-scaled-1.jpg","_links":{"self":[{"href":"https:\/\/informacionlocal.es\/it\/wp-json\/wp\/v2\/posts\/3602","targetHints":{"allow":["GET"]}}],"collection":[{"href":"https:\/\/informacionlocal.es\/it\/wp-json\/wp\/v2\/posts"}],"about":[{"href":"https:\/\/informacionlocal.es\/it\/wp-json\/wp\/v2\/types\/post"}],"author":[{"embeddable":true,"href":"https:\/\/informacionlocal.es\/it\/wp-json\/wp\/v2\/users\/1"}],"replies":[{"embeddable":true,"href":"https:\/\/informacionlocal.es\/it\/wp-json\/wp\/v2\/comments?post=3602"}],"version-history":[{"count":0,"href":"https:\/\/informacionlocal.es\/it\/wp-json\/wp\/v2\/posts\/3602\/revisions"}],"wp:featuredmedia":[{"embeddable":true,"href":"https:\/\/informacionlocal.es\/it\/wp-json\/wp\/v2\/media\/3599"}],"wp:attachment":[{"href":"https:\/\/informacionlocal.es\/it\/wp-json\/wp\/v2\/media?parent=3602"}],"wp:term":[{"taxonomy":"category","embeddable":true,"href":"https:\/\/informacionlocal.es\/it\/wp-json\/wp\/v2\/categories?post=3602"},{"taxonomy":"post_tag","embeddable":true,"href":"https:\/\/informacionlocal.es\/it\/wp-json\/wp\/v2\/tags?post=3602"}],"curies":[{"name":"wp","href":"https:\/\/api.w.org\/{rel}","templated":true}]}}