{"id":3590,"date":"2025-05-14T15:34:26","date_gmt":"2025-05-14T15:34:26","guid":{"rendered":"https:\/\/informacionlocal.es\/rafael-morales-presenta-la-sua-nuova-mostra-fotografica-un-omaggio-visivo-a-puerto-del-rosario-e-ai-suoi-artisti\/"},"modified":"2025-05-14T15:34:26","modified_gmt":"2025-05-14T15:34:26","slug":"rafael-morales-presenta-la-sua-nuova-mostra-fotografica-un-omaggio-visivo-a-puerto-del-rosario-e-ai-suoi-artisti","status":"publish","type":"post","link":"https:\/\/informacionlocal.es\/it\/rafael-morales-presenta-la-sua-nuova-mostra-fotografica-un-omaggio-visivo-a-puerto-del-rosario-e-ai-suoi-artisti\/","title":{"rendered":"Rafael Morales presenta la sua nuova mostra fotografica: un omaggio visivo a Puerto del Rosario e ai suoi artisti."},"content":{"rendered":"<div class=\"entry-content\">\n<div class=\"xdj266r x11i5rnm xat24cr x1mh8g0r x1vvkbs x126k92a\">\n<div dir=\"auto\">Il noto fotografo Majorero, Rafael Morales, torna alla Casa de la Cultura di Puerto del Rosario con una nuova mostra che trascende l&#8217;immagine per diventare testimonianza emotiva e culturale di un&#8217;intera citt\u00e0: &#8220;Puerto del Rosario&#8221;, dove presenta fotografie che catturano frammenti di vita, angoli con anima e volti che definiscono il battito umano della capitale di Puerto del Rosario&#8221;.<\/div>\n<\/div>\n<div class=\"x11i5rnm xat24cr x1mh8g0r x1vvkbs xtlvy1s x126k92a\">\n<div dir=\"auto\">&#8220;Questo progetto \u00e8 nato per riconoscere e rendere omaggio a molte persone&#8221;, dice Morales.<\/div>\n<\/div>\n<div class=\"x11i5rnm xat24cr x1mh8g0r x1vvkbs xtlvy1s x126k92a\">\n<div dir=\"auto\">&#8220;Non solo a coloro che appaiono nelle immagini o nel video che accompagna la mostra, ma anche a tutti gli artisti che con le loro opere abbelliscono questa citt\u00e0, dove risiedo da 40 anni nel quartiere di Los Pozos&#8221;.<\/div>\n<\/div>\n<div class=\"x11i5rnm xat24cr x1mh8g0r x1vvkbs xtlvy1s x126k92a\">\n<div dir=\"auto\">Rafael Morales fotografa non solo con lo sguardo, ma anche con la memoria.<\/div>\n<div dir=\"auto\">La sua macchina fotografica cattura l&#8217;evoluzione del paesaggio urbano di una citt\u00e0 moderna e rinnovata. Tutto questo fa parte della storia visiva che l&#8217;artista vuole condividere con Fuerteventura. <\/div>\n<\/div>\n<div class=\"x11i5rnm xat24cr x1mh8g0r x1vvkbs xtlvy1s x126k92a\">\n<div dir=\"auto\">In ogni angolo, in ogni muro che interviene, in ogni figura umana o dettaglio quotidiano, Morales vede una storia che merita di essere raccontata. Perch\u00e9 in tutto ci\u00f2 che vede, vede una fotografia. Il suo lavoro \u00e8 un inno visivo alla coesistenza, ai talenti locali e alla  <\/div>\n<div dir=\"auto\">trasformazione di una citt\u00e0 che ha continuato a crescere senza perdere la sua essenza.<\/div>\n<\/div>\n<div class=\"x11i5rnm xat24cr x1mh8g0r x1vvkbs xtlvy1s x126k92a\">\n<div dir=\"auto\">Inaugurazione:<\/div>\n<div dir=\"auto\">Gioved\u00ec 15 maggio alle 19.30.<\/div>\n<div dir=\"auto\">Casa della Cultura di Puerto del Rosario<\/div>\n<\/div>\n<div class=\"x11i5rnm xat24cr x1mh8g0r x1vvkbs xtlvy1s x126k92a\">\n<div dir=\"auto\">Visite:<\/div>\n<div dir=\"auto\">Dal 15 maggio al 20 giugno<\/div>\n<div dir=\"auto\">Da luned\u00ec a venerd\u00ec<\/div>\n<div dir=\"auto\">Dalle ore 10:00 alle 13:00 e dalle 17:00 alle 20:00<\/div>\n<\/div>\n<\/div>\n","protected":false},"excerpt":{"rendered":"<p>Il noto fotografo Majorero, Rafael Morales, torna alla Casa de la Cultura di Puerto del Rosario con una nuova mostra che trascende l&#8217;immagine per diventare testimonianza emotiva e culturale di [&hellip;]<\/p>\n","protected":false},"author":1,"featured_media":3587,"comment_status":"open","ping_status":"open","sticky":false,"template":"","format":"standard","meta":{"inline_featured_image":false,"jnews-multi-image_gallery":[],"jnews_single_post":[],"jnews_primary_category":[],"jnews_social_meta":[],"jnews_override_counter":[],"jnews_post_split":[],"footnotes":""},"categories":[295],"tags":[223],"class_list":["post-3590","post","type-post","status-publish","format-standard","has-post-thumbnail","hentry","category-puerto-del-rosario-it","tag-fuerteventura-it"],"jetpack_featured_media_url":"https:\/\/informacionlocal.es\/wp-content\/uploads\/2025\/05\/expo-rs-rafa-morales-0525.png","_links":{"self":[{"href":"https:\/\/informacionlocal.es\/it\/wp-json\/wp\/v2\/posts\/3590","targetHints":{"allow":["GET"]}}],"collection":[{"href":"https:\/\/informacionlocal.es\/it\/wp-json\/wp\/v2\/posts"}],"about":[{"href":"https:\/\/informacionlocal.es\/it\/wp-json\/wp\/v2\/types\/post"}],"author":[{"embeddable":true,"href":"https:\/\/informacionlocal.es\/it\/wp-json\/wp\/v2\/users\/1"}],"replies":[{"embeddable":true,"href":"https:\/\/informacionlocal.es\/it\/wp-json\/wp\/v2\/comments?post=3590"}],"version-history":[{"count":0,"href":"https:\/\/informacionlocal.es\/it\/wp-json\/wp\/v2\/posts\/3590\/revisions"}],"wp:featuredmedia":[{"embeddable":true,"href":"https:\/\/informacionlocal.es\/it\/wp-json\/wp\/v2\/media\/3587"}],"wp:attachment":[{"href":"https:\/\/informacionlocal.es\/it\/wp-json\/wp\/v2\/media?parent=3590"}],"wp:term":[{"taxonomy":"category","embeddable":true,"href":"https:\/\/informacionlocal.es\/it\/wp-json\/wp\/v2\/categories?post=3590"},{"taxonomy":"post_tag","embeddable":true,"href":"https:\/\/informacionlocal.es\/it\/wp-json\/wp\/v2\/tags?post=3590"}],"curies":[{"name":"wp","href":"https:\/\/api.w.org\/{rel}","templated":true}]}}