{"id":3567,"date":"2025-05-14T10:38:24","date_gmt":"2025-05-14T10:38:24","guid":{"rendered":"https:\/\/informacionlocal.es\/la-pregonera-delle-feste-di-antigua-2025-sara-pepa-hernandez-jordan\/"},"modified":"2025-05-14T10:38:24","modified_gmt":"2025-05-14T10:38:24","slug":"la-pregonera-delle-feste-di-antigua-2025-sara-pepa-hernandez-jordan","status":"publish","type":"post","link":"https:\/\/informacionlocal.es\/it\/la-pregonera-delle-feste-di-antigua-2025-sara-pepa-hernandez-jordan\/","title":{"rendered":"La Pregonera delle Feste di Antigua 2025 sar\u00e0 Pepa Hern\u00e1ndez Jord\u00e1n."},"content":{"rendered":"<div class=\"elementor-widget-container\">\n<p><strong>La Pregonera delle Feste di Antigua 2025 sar\u00e0 Pepa Hern\u00e1ndez Jord\u00e1n.<\/strong><\/p>\n<p><strong>&#8211; Il sindaco e il consigliere propongono Pepa Hern\u00e1ndez come banditore della citt\u00e0 per le feste in onore di Nuestra Se\u00f1ora de La Antigua.  <\/strong><br \/><strong>&#8211; Donna di coraggio, partecipante alle Fiestas de Antigua fin da giovanissima, motore di associazioni, rondallas e laboratori, Pepa Hern\u00e1ndez \u00e8 una banditrice di lusso, con molto da raccontare e nulla da tacere, dice il sindaco Mat\u00edas Pe\u00f1a.<\/strong><\/p>\n<p>Il Sindaco Mat\u00edas Pe\u00f1a e l&#8217;Assessore alle Feste Pedro Armas si sono recati a casa di Pepa Hern\u00e1ndez Jord\u00e1n questo mercoled\u00ec mattina, 14 maggio, per proporle formalmente di essere la Pregonera delle Fiestas de Antigua 2025.<\/p>\n<p>Donna di coraggio, partecipante alle Fiestas de Antigua fin da giovanissima, motore di associazioni, rondallas e laboratori, tu Pepa sei una pregonera di lusso per le Fiestas de Antigua, le ha fatto notare il sindaco a casa sua, aggiungendo che ha molto da raccontare e nulla da tacere.<\/p>\n<p>Mi sono consultata con la rondalla El Campillo in merito alla loro proposta e tutti i membri mi hanno incoraggiato a rispondere che se mi verr\u00e0 chiesto di farlo, ha risposto Pepa Hern\u00e1ndez, sar\u00e0 un piacere ma anche una responsabilit\u00e0, perch\u00e9 vorrei ricordare le fredde notti nelle case, i tempi della fatica, delle famiglie numerose, della generosit\u00e0 e delle tessere annonarie, limitazioni che costringevano ad aiutarsi l&#8217;un l&#8217;altro, a educare al rispetto, a contribuire, a essere presenti per qualsiasi cosa fosse necessaria, preparando raccolti, sollevando pietre, restaurando muri e case, della generosit\u00e0 e delle tessere annonarie, limitazioni che costringevano ad aiutarsi a vicenda, a educare al rispetto, a contribuire, a essere presenti per qualsiasi cosa fosse necessaria, preparando raccolti, sollevando pietre, restaurando muri e case, trasportando e portando secchi d&#8217;acqua o di latte di capra, e una lista infinita di compiti. Vorrei anche ricordare tanti che non ci sono pi\u00f9 e che hanno contribuito tanto e significato tanto&#8221;, aggiunge la Pregonera. <\/p>\n<p>Da quando il sindaco ha proposto Pepa Hern\u00e1ndez Jord\u00e1n come Pregonera delle Fiestas de Antigua 2025, l&#8217;idea \u00e8 stata ben accolta dalla Commissione delle Fiestas, dice il consigliere Pedro Armas, per aver sempre lavorato e tirato la carretta, e per aver sempre lasciato pi\u00f9 di quanto prende.<\/p>\n<\/p>\n<\/div>\n","protected":false},"excerpt":{"rendered":"<p><strong>La Pregonera delle Feste di Antigua 2025 sar\u00e0 Pepa Hern\u00e1ndez Jord\u00e1n.<\/strong><\/p>\n","protected":false},"author":1,"featured_media":3563,"comment_status":"open","ping_status":"open","sticky":false,"template":"","format":"standard","meta":{"inline_featured_image":false,"jnews-multi-image_gallery":[],"jnews_single_post":[],"jnews_primary_category":[],"jnews_social_meta":[],"jnews_override_counter":[],"jnews_post_split":[],"footnotes":""},"categories":[282],"tags":[],"class_list":["post-3567","post","type-post","status-publish","format-standard","has-post-thumbnail","hentry","category-antigua-it"],"jetpack_featured_media_url":"https:\/\/informacionlocal.es\/wp-content\/uploads\/2025\/05\/la-pregonera-de-las-fiestas-de-antigua-2025-sera-pepa-hernandez-1-scaled-1.jpg","_links":{"self":[{"href":"https:\/\/informacionlocal.es\/it\/wp-json\/wp\/v2\/posts\/3567","targetHints":{"allow":["GET"]}}],"collection":[{"href":"https:\/\/informacionlocal.es\/it\/wp-json\/wp\/v2\/posts"}],"about":[{"href":"https:\/\/informacionlocal.es\/it\/wp-json\/wp\/v2\/types\/post"}],"author":[{"embeddable":true,"href":"https:\/\/informacionlocal.es\/it\/wp-json\/wp\/v2\/users\/1"}],"replies":[{"embeddable":true,"href":"https:\/\/informacionlocal.es\/it\/wp-json\/wp\/v2\/comments?post=3567"}],"version-history":[{"count":0,"href":"https:\/\/informacionlocal.es\/it\/wp-json\/wp\/v2\/posts\/3567\/revisions"}],"wp:featuredmedia":[{"embeddable":true,"href":"https:\/\/informacionlocal.es\/it\/wp-json\/wp\/v2\/media\/3563"}],"wp:attachment":[{"href":"https:\/\/informacionlocal.es\/it\/wp-json\/wp\/v2\/media?parent=3567"}],"wp:term":[{"taxonomy":"category","embeddable":true,"href":"https:\/\/informacionlocal.es\/it\/wp-json\/wp\/v2\/categories?post=3567"},{"taxonomy":"post_tag","embeddable":true,"href":"https:\/\/informacionlocal.es\/it\/wp-json\/wp\/v2\/tags?post=3567"}],"curies":[{"name":"wp","href":"https:\/\/api.w.org\/{rel}","templated":true}]}}