{"id":3556,"date":"2025-05-14T09:20:11","date_gmt":"2025-05-14T09:20:11","guid":{"rendered":"https:\/\/informacionlocal.es\/la-oliva-sta-lavorando-a-un-documento-che-specifichi-come-gestire-le-aree-verdi-comunali\/"},"modified":"2025-05-14T09:20:11","modified_gmt":"2025-05-14T09:20:11","slug":"la-oliva-sta-lavorando-a-un-documento-che-specifichi-come-gestire-le-aree-verdi-comunali","status":"publish","type":"post","link":"https:\/\/informacionlocal.es\/it\/la-oliva-sta-lavorando-a-un-documento-che-specifichi-come-gestire-le-aree-verdi-comunali\/","title":{"rendered":"La Oliva sta lavorando a un documento che specifichi come gestire le aree verdi comunali."},"content":{"rendered":"<p>La mattina del 13 maggio, presso l&#8217;Associazione Ra\u00edz del Pueblo de La Oliva, \u00e8 stato presentato il Piano degli Alberi e dei Corridoi Verdi del Comune di La Oliva, uno strumento fondamentale per pianificare con criteri professionali il futuro del paesaggio vegetale del Comune, con il presupposto di adattarsi alle sfide climatiche, migliorare la qualit\u00e0 della vita dei cittadini e promuovere una rete di spazi verdi efficienti, ombreggiati e coerenti con la realt\u00e0 ecologica di La Oliva.  <\/p>\n<p>Il progetto \u00e8 promosso dall&#8217;Assessorato all&#8217;Ambiente e al Turismo del Comune di La Oliva, diretto da David Fajardo, e rientra nelle azioni del Piano di Sostenibilit\u00e0 Turistica per le Destinazioni &#8220;Naturalmente La Oliva&#8221;, finanziato dall&#8217;Unione Europea &#8211; Next Generation EU.<\/p>\n<p>Lo studio \u00e8 stato preparato da un team multidisciplinare composto, tra gli altri, da architetti, avvocati, geografi, esperti ambientali, ingegneri, sociologi ed economisti ed \u00e8 suddiviso in tre parti: una diagnosi iniziale, una strategia a medio e lungo termine e una serie di proposte specifiche di intervento.<\/p>\n<p>Durante la presentazione, l&#8217;assessore David Fajardo ha spiegato: &#8220;Con questi piani di sostenibilit\u00e0 turistica e con i fondi europei che abbiamo nel Comune di La Oliva, avevamo commissionato un Piano degli Alberi e dei Corridoi Verdi e oggi, in questo primo tavolo di lavoro, abbiamo ricevuto un&#8217;anteprima di questo documento. Insieme al team governativo e con il supporto del gruppo di redazione, abbiamo lavorato a una diagnosi che ci permetter\u00e0 di individuare quali specie e in quali luoghi l&#8217;amministrazione dovrebbe agire per realizzare piantumazioni di flora nel territorio comunale, sempre nel rispetto delle nostre specie endemiche, cos\u00ec preziose, e scommettendo su un Comune pi\u00f9 verde&#8221;.<\/p>\n<p>&#8220;\u00c8 essenziale fare buon uso dei nostri spazi verdi, pianificare in modo efficiente le piantumazioni, creare sistemi di irrigazione adeguati, creare zone d&#8217;ombra e un giardinaggio rispettoso dell&#8217;ambiente&#8221;, ha aggiunto il consigliere.<\/p>\n<p>Specie endemiche per una rete verde adattata e rispettosa delle esigenze dei cittadini<\/p>\n<p>Una delle chiavi del piano \u00e8 la scelta accurata e tecnica delle specie vegetali, privilegiando sempre quelle autoctone gi\u00e0 naturalmente presenti sull&#8217;isola, evitando di utilizzare esemplari provenienti da altre regioni.<\/p>\n<p>Le specie proposte includono:<\/p>\n<p>  &#8211; Specie arboree: Tarajal, Acebuche, Palma delle Canarie.<br \/>  &#8211; Arbusti: Verode, Tabaiba dolce, Tabaiba selvatica, Biancospino, Timo marino.<br \/>  &#8211; Habitat erbaceo: lattuga di mare, Pulicaria purpuraria e altre specie autoctone adattate al substrato locale.<\/p>\n<p>Si tratta di una selezione pensata per rispettare l&#8217;identit\u00e0 vegetale del territorio, ridurre al minimo il consumo di acqua, promuovere la biodiversit\u00e0 locale e creare spazi ombreggiati che favoriscano la vivibilit\u00e0 di piazze, parchi e strade del comune.<\/p>\n<p>Cinque obiettivi per un ambiente pi\u00f9 equilibrato<\/p>\n<p>La strategia del piano \u00e8 strutturata intorno a cinque obiettivi chiave:<\/p>\n<p>  1. Proteggere la biodiversit\u00e0 e conservare le risorse naturali.<br \/>  2. Prevenire la desertificazione attraverso interventi adeguati.<br \/>  3. Adattare il territorio ai cambiamenti climatici, con soluzioni basate sulla natura.<br \/>  4. Promuovere un&#8217;economia legata al paesaggio e al turismo responsabile.<br \/>  5. Incoraggiare la partecipazione e la governance ambientale, integrando scienza e comunit\u00e0.<\/p>\n<p>Da parte sua, il sindaco di La Oliva, Isa\u00ed Blanco, ha sottolineato l&#8217;importanza di avere questo tipo di documento tecnico come base per una pianificazione realistica: &#8220;Questo piano non solo si prende cura del paesaggio, ma migliora anche la qualit\u00e0 della vita delle persone, fornendo ombra, una nuova immagine e un equilibrio ambientale alle nostre aree urbane e rurali di La Oliva&#8221;.<\/p>\n<p>Questo progresso segna l&#8217;inizio di un processo che sar\u00e0 progressivo, aperto ad aggiustamenti e nuove priorit\u00e0, sempre con l&#8217;obiettivo di creare un comune pi\u00f9 verde, consapevole e adattato al suo ambiente naturale.<\/p>\n","protected":false},"excerpt":{"rendered":"<p><span>Attraverso il Plan de Arbolado y Corredores Verdes, il Concistoro stabilisce la tabella di marcia specificando il tipo di flora da utilizzare nella creazione di nuove aree e in quelle esistenti.<\/span><\/p>\n","protected":false},"author":1,"featured_media":3539,"comment_status":"open","ping_status":"open","sticky":false,"template":"","format":"standard","meta":{"inline_featured_image":false,"jnews-multi-image_gallery":[],"jnews_single_post":[],"jnews_primary_category":[],"jnews_social_meta":[],"jnews_override_counter":[],"jnews_post_split":[],"footnotes":""},"categories":[292],"tags":[205],"class_list":["post-3556","post","type-post","status-publish","format-standard","has-post-thumbnail","hentry","category-la-oliva-it","tag-ambiente"],"jetpack_featured_media_url":"https:\/\/informacionlocal.es\/wp-content\/uploads\/2025\/05\/5196_6b2e1e57.png","_links":{"self":[{"href":"https:\/\/informacionlocal.es\/it\/wp-json\/wp\/v2\/posts\/3556","targetHints":{"allow":["GET"]}}],"collection":[{"href":"https:\/\/informacionlocal.es\/it\/wp-json\/wp\/v2\/posts"}],"about":[{"href":"https:\/\/informacionlocal.es\/it\/wp-json\/wp\/v2\/types\/post"}],"author":[{"embeddable":true,"href":"https:\/\/informacionlocal.es\/it\/wp-json\/wp\/v2\/users\/1"}],"replies":[{"embeddable":true,"href":"https:\/\/informacionlocal.es\/it\/wp-json\/wp\/v2\/comments?post=3556"}],"version-history":[{"count":0,"href":"https:\/\/informacionlocal.es\/it\/wp-json\/wp\/v2\/posts\/3556\/revisions"}],"wp:featuredmedia":[{"embeddable":true,"href":"https:\/\/informacionlocal.es\/it\/wp-json\/wp\/v2\/media\/3539"}],"wp:attachment":[{"href":"https:\/\/informacionlocal.es\/it\/wp-json\/wp\/v2\/media?parent=3556"}],"wp:term":[{"taxonomy":"category","embeddable":true,"href":"https:\/\/informacionlocal.es\/it\/wp-json\/wp\/v2\/categories?post=3556"},{"taxonomy":"post_tag","embeddable":true,"href":"https:\/\/informacionlocal.es\/it\/wp-json\/wp\/v2\/tags?post=3556"}],"curies":[{"name":"wp","href":"https:\/\/api.w.org\/{rel}","templated":true}]}}