{"id":3552,"date":"2025-05-14T09:32:39","date_gmt":"2025-05-14T09:32:39","guid":{"rendered":"https:\/\/informacionlocal.es\/processione-rondallas-e-brindisi-popolare-per-concludere-le-feste-di-triquivijate-questo-giovedi\/"},"modified":"2025-05-14T09:32:39","modified_gmt":"2025-05-14T09:32:39","slug":"processione-rondallas-e-brindisi-popolare-per-concludere-le-feste-di-triquivijate-questo-giovedi","status":"publish","type":"post","link":"https:\/\/informacionlocal.es\/it\/processione-rondallas-e-brindisi-popolare-per-concludere-le-feste-di-triquivijate-questo-giovedi\/","title":{"rendered":"Processione, Rondallas e brindisi popolare per concludere le Feste di Triquivijate questo gioved\u00ec"},"content":{"rendered":"<div class=\"elementor-widget-container\">\n<p><strong>Processione, Rondallas e brindisi popolare per concludere le Feste di Triquivijate questo gioved\u00ec<\/strong><\/p>\n<p><strong>&#8211; Triquivijate celebra il giorno principale delle sue feste patronali, gioved\u00ec 15 maggio, con una cerimonia religiosa e una processione in onore di San Isidro Labrador e Santa Mar\u00eda de La Cabeza.<\/strong><\/p>\n<p><strong>&#8211; Il popolare Brindis con la rondalla del Centro de Mayores de Antigua, la Parranda de Juan Pe\u00f1a e il D\u00fao Voces de Antonio y Loly hanno dato il tocco finale alle Feste di Triquivijate.<\/strong><\/p>\n<p>Questo gioved\u00ec le feste patronali di Triquivijate celebrano il loro giorno principale con le funzioni e la processione in onore di San Isidro Labrador e Santa Mar\u00eda de La cabeza a partire dalle 19:00, seguite dal tocco finale con un brindisi di quartiere nella Plaza de Maca La Maestra, godendo delle esibizioni della rondalla del Centro de Mayores de Antigua, della rondalla di Juan Pe\u00f1a e delle canzoni popolari del D\u00fao Voces de Antonio y Loly.<\/p>\n<p>I festeggiamenti del Triquivijate sono stati organizzati con la Commissione Festeggiamenti, che ringrazio per il loro coinvolgimento, dice l&#8217;assessore del Comune di Antigua, Pedro Armas, dando il meglio di s\u00e9 per offrire una festa vicina e familiare che \u00e8 stata vissuta senza incidenti, con un programma per tutti i gusti e le et\u00e0.<\/p>\n<p>Le feste patronali, aggiunge il sindaco Mat\u00edas Pe\u00f1a, si svolgono con un budget, uguale per ogni villaggio, che viene aumentato solo per la celebrazione delle Fiestas de Antigua.<\/p>\n<p>Avere un budget per le feste patronali nei villaggi non significa divertirsi di meno, ma piuttosto spendere i soldi meglio e con pi\u00f9 criterio per le esibizioni, l&#8217;affitto di attrezzature, gli artisti e gli spettacoli, conclude il sindaco, Mat\u00edas Pe\u00f1a.<\/p>\n<\/p>\n<\/div>\n","protected":false},"excerpt":{"rendered":"<p><strong>Processione, Rondallas e brindisi popolare per concludere le Feste di Triquivijate questo gioved\u00ec<\/strong><\/p>\n","protected":false},"author":1,"featured_media":3547,"comment_status":"open","ping_status":"open","sticky":false,"template":"","format":"standard","meta":{"inline_featured_image":false,"jnews-multi-image_gallery":[],"jnews_single_post":[],"jnews_primary_category":[],"jnews_social_meta":[],"jnews_override_counter":[],"jnews_post_split":[],"footnotes":""},"categories":[282],"tags":[],"class_list":["post-3552","post","type-post","status-publish","format-standard","has-post-thumbnail","hentry","category-antigua-it"],"jetpack_featured_media_url":"https:\/\/informacionlocal.es\/wp-content\/uploads\/2025\/05\/exito-romeria-triquivijate-2025-2.jpg","_links":{"self":[{"href":"https:\/\/informacionlocal.es\/it\/wp-json\/wp\/v2\/posts\/3552","targetHints":{"allow":["GET"]}}],"collection":[{"href":"https:\/\/informacionlocal.es\/it\/wp-json\/wp\/v2\/posts"}],"about":[{"href":"https:\/\/informacionlocal.es\/it\/wp-json\/wp\/v2\/types\/post"}],"author":[{"embeddable":true,"href":"https:\/\/informacionlocal.es\/it\/wp-json\/wp\/v2\/users\/1"}],"replies":[{"embeddable":true,"href":"https:\/\/informacionlocal.es\/it\/wp-json\/wp\/v2\/comments?post=3552"}],"version-history":[{"count":0,"href":"https:\/\/informacionlocal.es\/it\/wp-json\/wp\/v2\/posts\/3552\/revisions"}],"wp:featuredmedia":[{"embeddable":true,"href":"https:\/\/informacionlocal.es\/it\/wp-json\/wp\/v2\/media\/3547"}],"wp:attachment":[{"href":"https:\/\/informacionlocal.es\/it\/wp-json\/wp\/v2\/media?parent=3552"}],"wp:term":[{"taxonomy":"category","embeddable":true,"href":"https:\/\/informacionlocal.es\/it\/wp-json\/wp\/v2\/categories?post=3552"},{"taxonomy":"post_tag","embeddable":true,"href":"https:\/\/informacionlocal.es\/it\/wp-json\/wp\/v2\/tags?post=3552"}],"curies":[{"name":"wp","href":"https:\/\/api.w.org\/{rel}","templated":true}]}}