{"id":3531,"date":"2025-05-13T14:07:50","date_gmt":"2025-05-13T14:07:50","guid":{"rendered":"https:\/\/informacionlocal.es\/sono-aperte-le-iscrizioni-al-xx-festival-de-la-cancion-playa-de-la-cebada\/"},"modified":"2025-05-13T14:07:50","modified_gmt":"2025-05-13T14:07:50","slug":"sono-aperte-le-iscrizioni-al-xx-festival-de-la-cancion-playa-de-la-cebada","status":"publish","type":"post","link":"https:\/\/informacionlocal.es\/it\/sono-aperte-le-iscrizioni-al-xx-festival-de-la-cancion-playa-de-la-cebada\/","title":{"rendered":"Sono aperte le iscrizioni al XX Festival de la Canci\u00f3n Playa de la Cebada."},"content":{"rendered":"<div class=\"entry-content\">\n<p><b><i>Il concorso riunir\u00e0 dieci artisti in una serata di gala con musica dal vivo e premi in denaro fino a 1.000 euro.  <\/i><\/b><\/p>\n<p><span>L&#8217;Assessorato alla Cultura del Comune di P\u00e1jara annuncia l&#8217;apertura delle iscrizioni per partecipare al XX Festival de la Canci\u00f3n Playa de la Cebada. Da luned\u00ec 12 maggio fino al 30 giugno, chiunque abbia pi\u00f9 di 16 anni e sia interessato a partecipare all&#8217;edizione di quest&#8217;anno pu\u00f2 iscriversi.   <\/span><\/p>\n<p><span>Le iscrizioni possono essere effettuate scansionando il codice QR sulla locandina ufficiale, attraverso il link fornito sui social network ufficiali del Consiglio, o inviando una mail a <\/span><span>festivalcancionplayadelacebada@gmail.com<\/span><span>. <\/span> <\/p>\n<p><span>Insieme all&#8217;iscrizione, i partecipanti devono inviare una registrazione della canzone scelta, che servir\u00e0 come base per la selezione dei dieci finalisti che si sfideranno nel gala del festival. Si noti che, una volta iscritte, le canzoni non possono essere modificate.   <\/span><\/p>\n<p><span>L&#8217;assessore alla Cultura, Raquel Acosta, esprime il suo entusiasmo per questa nuova edizione. &#8220;Quest&#8217;anno scommettiamo sul talento con pi\u00f9 forza, incorporando, per questa ventesima edizione, la musica dal vivo, che arricchir\u00e0 il gala e porter\u00e0 una maggiore qualit\u00e0 alle esibizioni. Invitiamo tutte le voci del comune e non solo a partecipare e a mettere in mostra il proprio talento sul palco della Playa de la Cebada&#8221;, aggiunge.   <\/span><\/p>\n<p><span>I finalisti si contenderanno due premi principali: un primo premio con assegno nominativo di 1.000 euro e un secondo premio con assegno nominativo di 500 euro.  <\/span><\/p>\n<p><span>Per ulteriori informazioni, gli interessati possono scrivere a <\/span><span>festivalcancionplayadelacebada@gmail.com<\/span><span> o chiamare il numero 928 54 19 77. <\/span> <\/p>\n<div>Condividi<\/div>\n<\/div>\n","protected":false},"excerpt":{"rendered":"<p><i>Il concorso riunir\u00e0 dieci artisti in una serata di gala con musica dal vivo e premi in denaro fino a 1.000 euro.  <\/i><\/p>\n","protected":false},"author":1,"featured_media":3527,"comment_status":"open","ping_status":"open","sticky":false,"template":"","format":"standard","meta":{"inline_featured_image":false,"jnews-multi-image_gallery":[],"jnews_single_post":[],"jnews_primary_category":[],"jnews_social_meta":[],"jnews_override_counter":[],"jnews_post_split":[],"footnotes":""},"categories":[298],"tags":[],"class_list":["post-3531","post","type-post","status-publish","format-standard","has-post-thumbnail","hentry","category-pajara-it"],"jetpack_featured_media_url":"https:\/\/informacionlocal.es\/wp-content\/uploads\/2025\/05\/imagen-de-whatsapp-2025-05-12-a-las-20-57-03_51d52ee1.jpg","_links":{"self":[{"href":"https:\/\/informacionlocal.es\/it\/wp-json\/wp\/v2\/posts\/3531","targetHints":{"allow":["GET"]}}],"collection":[{"href":"https:\/\/informacionlocal.es\/it\/wp-json\/wp\/v2\/posts"}],"about":[{"href":"https:\/\/informacionlocal.es\/it\/wp-json\/wp\/v2\/types\/post"}],"author":[{"embeddable":true,"href":"https:\/\/informacionlocal.es\/it\/wp-json\/wp\/v2\/users\/1"}],"replies":[{"embeddable":true,"href":"https:\/\/informacionlocal.es\/it\/wp-json\/wp\/v2\/comments?post=3531"}],"version-history":[{"count":0,"href":"https:\/\/informacionlocal.es\/it\/wp-json\/wp\/v2\/posts\/3531\/revisions"}],"wp:featuredmedia":[{"embeddable":true,"href":"https:\/\/informacionlocal.es\/it\/wp-json\/wp\/v2\/media\/3527"}],"wp:attachment":[{"href":"https:\/\/informacionlocal.es\/it\/wp-json\/wp\/v2\/media?parent=3531"}],"wp:term":[{"taxonomy":"category","embeddable":true,"href":"https:\/\/informacionlocal.es\/it\/wp-json\/wp\/v2\/categories?post=3531"},{"taxonomy":"post_tag","embeddable":true,"href":"https:\/\/informacionlocal.es\/it\/wp-json\/wp\/v2\/tags?post=3531"}],"curies":[{"name":"wp","href":"https:\/\/api.w.org\/{rel}","templated":true}]}}