{"id":3496,"date":"2025-05-13T10:23:51","date_gmt":"2025-05-13T10:23:51","guid":{"rendered":"https:\/\/informacionlocal.es\/il-terzo-percorso-di-trekking-antigua-se-mueve-partecipera-allapanada-de-lo-alto-del-jurado\/"},"modified":"2025-05-13T10:23:51","modified_gmt":"2025-05-13T10:23:51","slug":"il-terzo-percorso-di-trekking-antigua-se-mueve-partecipera-allapanada-de-lo-alto-del-jurado","status":"publish","type":"post","link":"https:\/\/informacionlocal.es\/it\/il-terzo-percorso-di-trekking-antigua-se-mueve-partecipera-allapanada-de-lo-alto-del-jurado\/","title":{"rendered":"Il terzo percorso di trekking Antigua se mueve parteciper\u00e0 all&#8217;Apa\u00f1ada de lo alto del Jurado"},"content":{"rendered":"<div class=\"elementor-widget-container\">\n<p><strong>Il terzo percorso di trekking Antigua se mueve parteciper\u00e0 all&#8217;Apa\u00f1ada de lo alto del Jurado<\/strong><\/p>\n<p><strong>&#8211; L&#8217;itinerario proposto per raggiungere la cima del Jurado \u00e8 rimandato al 14 giugno per coincidere con l&#8217;escursione in montagna prevista.  <\/strong><br \/><strong>&#8211; Le iscrizioni sono aperte dal 19 al 23 maggio.<\/strong><\/p>\n<p>Gli assessorati alla Giovent\u00f9 e allo Sport del Comune di Antigua, coordinati rispettivamente dai consiglieri Pedro Armas e Samuel Torres, organizzano questa attivit\u00e0 escursionistica, Antigua se mueve, proponendo un piano di salutari passeggiate di varia difficolt\u00e0 e per tutte le et\u00e0, facilitando gli spostamenti da Antigua, mettendo a disposizione un team di guide che spiegano ogni passo lungo il percorso, offrendo un pranzo finale per recuperare le forze, spiega il sindaco, Mat\u00edas Pe\u00f1a.<\/p>\n<p>Il prossimo itinerario proposto sar\u00e0 il 14 giugno, un&#8217;escursione di quattro ore di media difficolt\u00e0 che raggiunger\u00e0 la gambuesa dell&#8217;Alto del Jurado, accompagnando l&#8217;apa\u00f1ada prevista per quella data.<\/p>\n<p>Le iscrizioni per ogni percorso sono sempre aperte con quindici giorni di anticipo, registrandosi presso il Municipio di Antigua, l&#8217;Ufficio del Sindaco di Caleta de Fuste o attraverso il sito elettronico, con preferenza per coloro che sono registrati nel comune. Il terzo percorso verso la cima del Jurado aprir\u00e0 le iscrizioni dal 19 al 23 maggio. <\/p>\n<p>Antigua se Mueve \u00e8 un programma che prevede un totale di sette camminate, di cui si propongono le seguenti: scalata del monte Jurado, camminata da Valles de Ortega a Tiscamanita su un percorso notturno, in luglio da Guisguey a La Caldereta, in settembre da Antigua ad Agua de Bueyes e in ottobre da P\u00e1jara a Card\u00f3n.<\/p>\n<\/div>\n","protected":false},"excerpt":{"rendered":"<p><strong>Il terzo percorso di trekking Antigua se mueve parteciper\u00e0 all&#8217;Apa\u00f1ada de lo alto del Jurado<\/strong><\/p>\n","protected":false},"author":1,"featured_media":3491,"comment_status":"open","ping_status":"open","sticky":false,"template":"","format":"standard","meta":{"inline_featured_image":false,"jnews-multi-image_gallery":[],"jnews_single_post":[],"jnews_primary_category":[],"jnews_social_meta":[],"jnews_override_counter":[],"jnews_post_split":[],"footnotes":""},"categories":[282],"tags":[],"class_list":["post-3496","post","type-post","status-publish","format-standard","has-post-thumbnail","hentry","category-antigua-it"],"jetpack_featured_media_url":"https:\/\/informacionlocal.es\/wp-content\/uploads\/2025\/05\/antigua-se-echa-a-caminar-3.jpg","_links":{"self":[{"href":"https:\/\/informacionlocal.es\/it\/wp-json\/wp\/v2\/posts\/3496","targetHints":{"allow":["GET"]}}],"collection":[{"href":"https:\/\/informacionlocal.es\/it\/wp-json\/wp\/v2\/posts"}],"about":[{"href":"https:\/\/informacionlocal.es\/it\/wp-json\/wp\/v2\/types\/post"}],"author":[{"embeddable":true,"href":"https:\/\/informacionlocal.es\/it\/wp-json\/wp\/v2\/users\/1"}],"replies":[{"embeddable":true,"href":"https:\/\/informacionlocal.es\/it\/wp-json\/wp\/v2\/comments?post=3496"}],"version-history":[{"count":0,"href":"https:\/\/informacionlocal.es\/it\/wp-json\/wp\/v2\/posts\/3496\/revisions"}],"wp:featuredmedia":[{"embeddable":true,"href":"https:\/\/informacionlocal.es\/it\/wp-json\/wp\/v2\/media\/3491"}],"wp:attachment":[{"href":"https:\/\/informacionlocal.es\/it\/wp-json\/wp\/v2\/media?parent=3496"}],"wp:term":[{"taxonomy":"category","embeddable":true,"href":"https:\/\/informacionlocal.es\/it\/wp-json\/wp\/v2\/categories?post=3496"},{"taxonomy":"post_tag","embeddable":true,"href":"https:\/\/informacionlocal.es\/it\/wp-json\/wp\/v2\/tags?post=3496"}],"curies":[{"name":"wp","href":"https:\/\/api.w.org\/{rel}","templated":true}]}}