{"id":3484,"date":"2025-05-13T09:00:28","date_gmt":"2025-05-13T09:00:28","guid":{"rendered":"https:\/\/informacionlocal.es\/la-oliva-celebra-una-giornata-di-incontro-inclusione-e-creativita-intorno-alle-aulas-en-clave-aule-in-chiave\/"},"modified":"2025-05-13T09:00:28","modified_gmt":"2025-05-13T09:00:28","slug":"la-oliva-celebra-una-giornata-di-incontro-inclusione-e-creativita-intorno-alle-aulas-en-clave-aule-in-chiave","status":"publish","type":"post","link":"https:\/\/informacionlocal.es\/it\/la-oliva-celebra-una-giornata-di-incontro-inclusione-e-creativita-intorno-alle-aulas-en-clave-aule-in-chiave\/","title":{"rendered":"La Oliva celebra una giornata di incontro, inclusione e creativit\u00e0 intorno alle Aulas En Clave (aule in chiave)."},"content":{"rendered":"<p>Il Comune di La Oliva, attraverso l&#8217;Assessorato all&#8217;Educazione, guidato da Omaira Saavedra, sviluppa &#8220;Legami comuni&#8221;, una giornata che cerca di rendere visibili e rafforzare le Aulas En Clave del comune, spazi che forniscono aiuto agli studenti con bisogni speciali attraverso il supporto educativo. In questo senso, il 29 aprile, l&#8217;Aula en Clave di La Oliva si \u00e8 incontrata con l&#8217;Aula En Clave di Ceuta, creando cos\u00ec un ponte di esperienze, apprendimento e affetto tra i territori. <\/p>\n<p>L&#8217;incontro \u00e8 iniziato con la tavola rotonda, uno spazio in cui le famiglie, gli insegnanti e i monitori hanno avuto l&#8217;opportunit\u00e0 di presentare direttamente le loro esigenze e le loro proposte ai responsabili politici delle diverse aree del gruppo di governo municipale. L&#8217;obiettivo era quello di generare un dialogo in cui idee ed esperienze personali potessero essere utilizzate per lavorare alla costruzione di ambienti pi\u00f9 inclusivi e pi\u00f9 attenti alla diversit\u00e0. <\/p>\n<p>Durante questa giornata si sono svolti anche diversi laboratori di creativit\u00e0, fantasia e gestione delle emozioni, in un&#8217;atmosfera di divertimento in cui la libera espressione e la connessione sono diventate le protagoniste del pomeriggio. Come tocco finale, i partecipanti hanno goduto di un bagno sonoro rilassante, che ha favorito il benessere e la calma tra i partecipanti. <\/p>\n<p>Il sindaco di La Oliva, Isa\u00ed Blanco, sottolinea l&#8217;importanza di una giornata come &#8220;Legami comuni&#8221;: &#8220;Attraverso un incontro come questo, tutte le persone coinvolte, che siano le famiglie stesse o gli insegnanti e i controllori, condividono diverse premesse su cui lavorare alla ricerca di un ambiente che offra condizioni ottimali per questi studenti&#8221;.<\/p>\n<p>L&#8217;Assessore all&#8217;Educazione, Omaira Saavedra, aggiunge: &#8220;Il Consiglio ritiene necessario fornire a tutti coloro che sono coinvolti nello sviluppo di queste Aulas En Clave uno spazio in cui possano esprimere le loro opinioni, idee e proposte. Con questa azione, intendiamo metterci nei panni di coloro che vivono questa realt\u00e0, siano essi famiglie, monitori o insegnanti, con l&#8217;obiettivo finale di poterci muovere per migliorare questi ambienti&#8221;.<\/p>\n","protected":false},"excerpt":{"rendered":"<p><span>Il Concistoro organizza &#8220;Lazos Comunes&#8221;, una giornata speciale pensata per rendere visibili e rafforzare le Aulas En Clave del comune, spazi educativi che sostengono gli studenti con esigenze specifiche di supporto educativo.<\/span><\/p>\n","protected":false},"author":1,"featured_media":3479,"comment_status":"open","ping_status":"open","sticky":false,"template":"","format":"standard","meta":{"inline_featured_image":false,"jnews-multi-image_gallery":[],"jnews_single_post":[],"jnews_primary_category":[],"jnews_social_meta":[],"jnews_override_counter":[],"jnews_post_split":[],"footnotes":""},"categories":[292],"tags":[309],"class_list":["post-3484","post","type-post","status-publish","format-standard","has-post-thumbnail","hentry","category-la-oliva-it","tag-educacion-it"],"jetpack_featured_media_url":"https:\/\/informacionlocal.es\/wp-content\/uploads\/2025\/05\/5194_a24c96ed.png","_links":{"self":[{"href":"https:\/\/informacionlocal.es\/it\/wp-json\/wp\/v2\/posts\/3484","targetHints":{"allow":["GET"]}}],"collection":[{"href":"https:\/\/informacionlocal.es\/it\/wp-json\/wp\/v2\/posts"}],"about":[{"href":"https:\/\/informacionlocal.es\/it\/wp-json\/wp\/v2\/types\/post"}],"author":[{"embeddable":true,"href":"https:\/\/informacionlocal.es\/it\/wp-json\/wp\/v2\/users\/1"}],"replies":[{"embeddable":true,"href":"https:\/\/informacionlocal.es\/it\/wp-json\/wp\/v2\/comments?post=3484"}],"version-history":[{"count":0,"href":"https:\/\/informacionlocal.es\/it\/wp-json\/wp\/v2\/posts\/3484\/revisions"}],"wp:featuredmedia":[{"embeddable":true,"href":"https:\/\/informacionlocal.es\/it\/wp-json\/wp\/v2\/media\/3479"}],"wp:attachment":[{"href":"https:\/\/informacionlocal.es\/it\/wp-json\/wp\/v2\/media?parent=3484"}],"wp:term":[{"taxonomy":"category","embeddable":true,"href":"https:\/\/informacionlocal.es\/it\/wp-json\/wp\/v2\/categories?post=3484"},{"taxonomy":"post_tag","embeddable":true,"href":"https:\/\/informacionlocal.es\/it\/wp-json\/wp\/v2\/tags?post=3484"}],"curies":[{"name":"wp","href":"https:\/\/api.w.org\/{rel}","templated":true}]}}