{"id":3459,"date":"2025-05-12T22:40:59","date_gmt":"2025-05-12T22:40:59","guid":{"rendered":"https:\/\/informacionlocal.es\/lo-stand-di-saborea-puerto-del-rosario-arriva-a-los-estancos-giovedi-15-maggio\/"},"modified":"2025-05-12T22:40:59","modified_gmt":"2025-05-12T22:40:59","slug":"lo-stand-di-saborea-puerto-del-rosario-arriva-a-los-estancos-giovedi-15-maggio","status":"publish","type":"post","link":"https:\/\/informacionlocal.es\/it\/lo-stand-di-saborea-puerto-del-rosario-arriva-a-los-estancos-giovedi-15-maggio\/","title":{"rendered":"Lo stand di Saborea Puerto del Rosario arriva a Los Estancos gioved\u00ec 15 maggio."},"content":{"rendered":"<div class=\"entry-content\">\n<div dir=\"auto\">Il Comune di Puerto del Rosario, attraverso il Dipartimento del Settore Primario, continua a promuovere i prodotti locali con una nuova azione del programma Saborea Puerto del Rosario. In questa occasione, lo stand itinerante visiter\u00e0 la citt\u00e0 di Los Estancos, in concomitanza con i festeggiamenti in onore di Santa Rita de Casia. <\/div>\n<div class=\"x11i5rnm xat24cr x1mh8g0r x1vvkbs xtlvy1s x126k92a\">\n<div dir=\"auto\">L&#8217;evento si svolger\u00e0 gioved\u00ec 15 maggio, dalle 19:00 alle 21:00, con uno spazio dedicato alla diffusione e alla promozione dei prodotti agroalimentari locali del Comune.<\/div>\n<\/div>\n<div class=\"x11i5rnm xat24cr x1mh8g0r x1vvkbs xtlvy1s x126k92a\">\n<div dir=\"auto\">Un&#8217;opportunit\u00e0 per gli abitanti e i visitatori di conoscere la ricchezza gastronomica di Puerto del Rosario, sostenendo i produttori locali.<\/div>\n<\/div>\n<div class=\"x11i5rnm xat24cr x1mh8g0r x1vvkbs xtlvy1s x126k92a\">\n<div dir=\"auto\">Inoltre, il pomeriggio sar\u00e0 animato dalla musica popolare canaria con la presenza della parranda m\u00e1s del norte con Carmelo Carballo, Fali Ben\u00edtez e Carlos Cabrera, che porteranno un&#8217;atmosfera festosa e tradizionale a questa festa a Los Estancos.<\/div>\n<\/div>\n<div class=\"x11i5rnm xat24cr x1mh8g0r x1vvkbs xtlvy1s x126k92a\">\n<div dir=\"auto\">Le ultime due edizioni di Saborea Puerto del Rosario sono state realizzate con grande successo nelle scuole del comune: il CEIP Pablo Neruda e l&#8217;IES Puerto Cabras, dove l&#8217;iniziativa \u00e8 stata accolta con entusiasmo dalla comunit\u00e0 educativa e dagli scolari. Queste azioni hanno contribuito a promuovere la conoscenza e il consumo responsabile dei prodotti locali fin dalla pi\u00f9 tenera et\u00e0. <\/div>\n<\/div>\n<div class=\"x11i5rnm xat24cr x1mh8g0r x1vvkbs xtlvy1s x126k92a\">\n<div dir=\"auto\">Saborea Puerto del Rosario \u00e8 un&#8217;iniziativa del Comune di Puerto del Rosario, attraverso l&#8217;Assessorato al Settore Primario, e gode del sostegno di GMR Canarias e Volcanic Experience, appartenenti al Dipartimento di Allevamento, Agricoltura, Pesca e Sovranit\u00e0 Alimentare del Governo delle Isole Canarie.<\/div>\n<\/div>\n<\/div>\n","protected":false},"excerpt":{"rendered":"<p>Il Comune di Puerto del Rosario, attraverso il Dipartimento del Settore Primario, continua a promuovere i prodotti locali con una nuova azione del programma Saborea Puerto del Rosario. In questa [&hellip;]<\/p>\n","protected":false},"author":1,"featured_media":3455,"comment_status":"open","ping_status":"open","sticky":false,"template":"","format":"standard","meta":{"inline_featured_image":false,"jnews-multi-image_gallery":[],"jnews_single_post":[],"jnews_primary_category":[],"jnews_social_meta":[],"jnews_override_counter":[],"jnews_post_split":[],"footnotes":""},"categories":[295],"tags":[],"class_list":["post-3459","post","type-post","status-publish","format-standard","has-post-thumbnail","hentry","category-puerto-del-rosario-it"],"jetpack_featured_media_url":"https:\/\/informacionlocal.es\/wp-content\/uploads\/2025\/05\/saborea-pr-cartel-2.jpg","_links":{"self":[{"href":"https:\/\/informacionlocal.es\/it\/wp-json\/wp\/v2\/posts\/3459","targetHints":{"allow":["GET"]}}],"collection":[{"href":"https:\/\/informacionlocal.es\/it\/wp-json\/wp\/v2\/posts"}],"about":[{"href":"https:\/\/informacionlocal.es\/it\/wp-json\/wp\/v2\/types\/post"}],"author":[{"embeddable":true,"href":"https:\/\/informacionlocal.es\/it\/wp-json\/wp\/v2\/users\/1"}],"replies":[{"embeddable":true,"href":"https:\/\/informacionlocal.es\/it\/wp-json\/wp\/v2\/comments?post=3459"}],"version-history":[{"count":0,"href":"https:\/\/informacionlocal.es\/it\/wp-json\/wp\/v2\/posts\/3459\/revisions"}],"wp:featuredmedia":[{"embeddable":true,"href":"https:\/\/informacionlocal.es\/it\/wp-json\/wp\/v2\/media\/3455"}],"wp:attachment":[{"href":"https:\/\/informacionlocal.es\/it\/wp-json\/wp\/v2\/media?parent=3459"}],"wp:term":[{"taxonomy":"category","embeddable":true,"href":"https:\/\/informacionlocal.es\/it\/wp-json\/wp\/v2\/categories?post=3459"},{"taxonomy":"post_tag","embeddable":true,"href":"https:\/\/informacionlocal.es\/it\/wp-json\/wp\/v2\/tags?post=3459"}],"curies":[{"name":"wp","href":"https:\/\/api.w.org\/{rel}","templated":true}]}}