{"id":3444,"date":"2025-05-12T22:18:58","date_gmt":"2025-05-12T22:18:58","guid":{"rendered":"https:\/\/informacionlocal.es\/andres-gonzalez-frances-presenta-a-puerto-del-rosario-il-suo-nuovo-libro-veinte-poemas-en-llamas-venti-poesie-in-fiamme\/"},"modified":"2025-05-12T22:18:58","modified_gmt":"2025-05-12T22:18:58","slug":"andres-gonzalez-frances-presenta-a-puerto-del-rosario-il-suo-nuovo-libro-veinte-poemas-en-llamas-venti-poesie-in-fiamme","status":"publish","type":"post","link":"https:\/\/informacionlocal.es\/it\/andres-gonzalez-frances-presenta-a-puerto-del-rosario-il-suo-nuovo-libro-veinte-poemas-en-llamas-venti-poesie-in-fiamme\/","title":{"rendered":"Andr\u00e9s Gonz\u00e1lez Franc\u00e9s presenta a Puerto del Rosario il suo nuovo libro: Veinte poemas en llamas (Venti poesie in fiamme)."},"content":{"rendered":"<div class=\"entry-content\">\n<p>Luned\u00ec sera, 12 maggio, Andr\u00e9s Gonz\u00e1lez Franc\u00e9s ha presentato il suo nuovo libro &#8220;Veinte poemas en llamas&#8221; (Venti poesie in fiamme), poesie che accendono la memoria di un&#8217;isola.<\/p>\n<div class=\"x11i5rnm xat24cr x1mh8g0r x1vvkbs xtlvy1s x126k92a\">\n<div dir=\"auto\">L&#8217;evento, organizzato dal Comune di Puerto del Rosario, attraverso l&#8217;Assessorato alla Cultura, si \u00e8 svolto nella Biblioteca Comunale, come omaggio alla vita e alla carriera letteraria dello scrittore Majorero.<\/div>\n<div dir=\"auto\">Il <strong>sindaco di Puerto del Rosario, David de Vera, ha<\/strong> sottolineato che &#8220;\u00e8 un onore per Puerto del Rosario ospitare la presentazione di quest&#8217;opera, che riflette la lucidit\u00e0 e l&#8217;impegno di un autore che ha saputo trasformare la parola in patrimonio vivo della nostra isola. Andr\u00e9s Gonz\u00e1lez Franc\u00e9s rappresenta una generazione che ha fatto della poesia una forma di resistenza, memoria e bellezza&#8221;.<\/div>\n<\/div>\n<div class=\"x11i5rnm xat24cr x1mh8g0r x1vvkbs xtlvy1s x126k92a\">\n<div dir=\"auto\">  Da parte sua, <strong>l&#8217;Assessore alla Cultura, Juan Manuel Verdugo, ha<\/strong> sottolineato che &#8220;la figura di Andr\u00e9s Gonz\u00e1lez Franc\u00e9s merita tutto il riconoscimento istituzionale e cittadino per una vita di dedizione al pensiero, alla letteratura e al servizio pubblico. La sua opera non solo arricchisce la cultura dell&#8217;isola, ma lascia anche un segno profondo nell&#8217;anima collettiva di Fuerteventura&#8221;.<\/div>\n<\/div>\n<div class=\"x11i5rnm xat24cr x1mh8g0r x1vvkbs xtlvy1s x126k92a\">\n<div dir=\"auto\">In &#8220;Veinte poemas en llamas&#8221;, Gonz\u00e1lez Franc\u00e9s raggiunge la piena maturit\u00e0 poetica. L&#8217;opera raccoglie venti composizioni che, come sottolinea Juan Jim\u00e9nez, che ha scritto il prologo dell&#8217;opera, &#8220;contengono un messaggio ben concepito in venti flash che catturano parte della sua esperienza, parte dei suoi sentimenti&#8221;. <\/div>\n<\/div>\n<div class=\"x11i5rnm xat24cr x1mh8g0r x1vvkbs xtlvy1s x126k92a\">\n<div dir=\"auto\">Per Gonz\u00e1lez Franc\u00e9s, &#8220;la poesia \u00e8 il sentimento pi\u00f9 umano che esista&#8221;, come esprime nella poesia &#8220;Un batir de alas libres&#8221;, inclusa nel suo nuovo libro: &#8220;\u00c8 desolazione e speranza, aroma di parole, sultana di lettere. Sappiate che \u00e8 un fiore che germoglia in versi!<\/div>\n<\/div>\n<div class=\"x11i5rnm xat24cr x1mh8g0r x1vvkbs xtlvy1s x126k92a\">\n<div dir=\"auto\">Il poeta Majorero ha ricevuto una targa di ringraziamento e di riconoscimento per il suo lavoro dal sindaco, David de Vera, e dall&#8217;assessore alla Cultura, Juan Manuel Verdugo.<\/div>\n<\/div>\n<\/div>\n","protected":false},"excerpt":{"rendered":"<p>Luned\u00ec sera, 12 maggio, Andr\u00e9s Gonz\u00e1lez Franc\u00e9s ha presentato il suo nuovo libro &#8220;Veinte poemas en llamas&#8221; (Venti poesie in fiamme), poesie che accendono la memoria di un&#8217;isola. L&#8217;evento, organizzato [&hellip;]<\/p>\n","protected":false},"author":1,"featured_media":3443,"comment_status":"open","ping_status":"open","sticky":false,"template":"","format":"standard","meta":{"inline_featured_image":false,"jnews-multi-image_gallery":[],"jnews_single_post":[],"jnews_primary_category":[],"jnews_social_meta":[],"jnews_override_counter":[],"jnews_post_split":[],"footnotes":""},"categories":[295],"tags":[223],"class_list":["post-3444","post","type-post","status-publish","format-standard","has-post-thumbnail","hentry","category-puerto-del-rosario-it","tag-fuerteventura-it"],"jetpack_featured_media_url":"https:\/\/informacionlocal.es\/wp-content\/uploads\/2025\/05\/poeta-titu-andres-placa-alcalde-verdugo-scaled-1.jpg","_links":{"self":[{"href":"https:\/\/informacionlocal.es\/it\/wp-json\/wp\/v2\/posts\/3444","targetHints":{"allow":["GET"]}}],"collection":[{"href":"https:\/\/informacionlocal.es\/it\/wp-json\/wp\/v2\/posts"}],"about":[{"href":"https:\/\/informacionlocal.es\/it\/wp-json\/wp\/v2\/types\/post"}],"author":[{"embeddable":true,"href":"https:\/\/informacionlocal.es\/it\/wp-json\/wp\/v2\/users\/1"}],"replies":[{"embeddable":true,"href":"https:\/\/informacionlocal.es\/it\/wp-json\/wp\/v2\/comments?post=3444"}],"version-history":[{"count":0,"href":"https:\/\/informacionlocal.es\/it\/wp-json\/wp\/v2\/posts\/3444\/revisions"}],"wp:featuredmedia":[{"embeddable":true,"href":"https:\/\/informacionlocal.es\/it\/wp-json\/wp\/v2\/media\/3443"}],"wp:attachment":[{"href":"https:\/\/informacionlocal.es\/it\/wp-json\/wp\/v2\/media?parent=3444"}],"wp:term":[{"taxonomy":"category","embeddable":true,"href":"https:\/\/informacionlocal.es\/it\/wp-json\/wp\/v2\/categories?post=3444"},{"taxonomy":"post_tag","embeddable":true,"href":"https:\/\/informacionlocal.es\/it\/wp-json\/wp\/v2\/tags?post=3444"}],"curies":[{"name":"wp","href":"https:\/\/api.w.org\/{rel}","templated":true}]}}