{"id":3432,"date":"2025-05-12T12:20:12","date_gmt":"2025-05-12T12:20:12","guid":{"rendered":"https:\/\/informacionlocal.es\/estrellas-del-cine-fantasia-en-la-escuela-unitaria-valles-de-ortega\/"},"modified":"2025-05-12T12:20:12","modified_gmt":"2025-05-12T12:20:12","slug":"estrellas-del-cine-fantasia-en-la-escuela-unitaria-valles-de-ortega","status":"publish","type":"post","link":"https:\/\/informacionlocal.es\/it\/estrellas-del-cine-fantasia-en-la-escuela-unitaria-valles-de-ortega\/","title":{"rendered":"Estrellas del Cine Fantas\u00eda en la Escuela Unitaria Valles de Ortega"},"content":{"rendered":"<div class=\"elementor-widget-container\">\n<p><strong>Estrellas del Cine Fantas\u00eda en la Escuela Unitaria Valles de Ortega<\/strong><\/p>\n<p><strong>Las actrices y actores de la Unitaria de Valles de Ortega nos presentan su cortometraje El hada del cole<\/strong><\/p>\n<p><strong>\u2022 En Categor\u00eda Fantas\u00eda Primaria Infantil, la Escuela Unitaria Valles de Ortega regresa a las pantallas de Cinedfest con el cortometraje de producci\u00f3n propia El Hada del Cole. <\/strong><br \/><strong>\u2022 Alcalde y concejala de Educaci\u00f3n felicitan la iniciativa de la profesora Amanda Vargas y la directora del centro, Carmen Camino, c\u00f3mplices de este elenco de actores y actrices. <\/strong><br \/><strong>\u2022 Enlace del cortometraje https:\/\/www.cinedfest.com\/index.php\/ver-cortos\/cortos-2025\/item\/el-hada-del-cole<\/strong><\/p>\n<p>El alcalde de Antigua, Mat\u00edas Pe\u00f1a Garc\u00eda y la concejala de Educaci\u00f3n, Am\u00e9rica Soto Betancor han visitado la Escuela Unitaria de Valles de Ortega para felicitar al cartel de actores y actrices entre los 6 y 12 a\u00f1os que han protagonizado el cortometraje El hada del cole.<\/p>\n<p>De nuevo, esta Escuela Unitaria se presenta al Festival de Cine Cinedfest, en el que ya quedaran finalistas en la edici\u00f3n anterior, se\u00f1ala la concejala, Soto Betancor, y presentan un cortometraje de Fantas\u00eda, en el que reflejan los efectos m\u00e1gicos de la amistad, del compa\u00f1erismo, de la generosidad, una magia que da color a su forma de ver la escuela y sus compa\u00f1eros y compa\u00f1eras.<\/p>\n<p>Las iniciativas y proyectos que impulsan la Escuela Unitaria de Valles de Ortega, y como en cada idea se involucran mayores y peque\u00f1os, afirma el alcalde Mat\u00edas Pe\u00f1a, es la raz\u00f3n por la que debemos mantener estos centros de estudio, las escuelas unitarias, que impulsan la convivencia, la sociabilidad entre diferentes edades, aportando adem\u00e1s una vida cultural, social y educativa a los mismos pueblos que las acogen.<\/p>\n<p>El alcalde felicitaba a todos los participantes, destacando la labora tambi\u00e9n de dos maestras muy c\u00f3mplices en su grabaci\u00f3n y edici\u00f3n, Carmen Camino y Amanda Vargas, y les deseaba la mejor de las suertes en esta nueva edici\u00f3n de Cinedfest, que celebra su Gala en Fuerteventura el pr\u00f3ximo 12 de junio. Recuerden que el premio ya lo han obtenido, divirti\u00e9ndose y disfrutando mientras hac\u00edan el cortometraje, y todo lo dem\u00e1s, el concurso es un a\u00f1adido para seguir pas\u00e1ndolo bien.<\/p>\n<p>\u00a0<\/p>\n<\/div>\n","protected":false},"excerpt":{"rendered":"<p><strong>Estrellas del Cine Fantas\u00eda en la Escuela Unitaria Valles de Ortega<\/strong><\/p>\n","protected":false},"author":1,"featured_media":3434,"comment_status":"open","ping_status":"open","sticky":false,"template":"","format":"standard","meta":{"inline_featured_image":false,"jnews-multi-image_gallery":[],"jnews_single_post":[],"jnews_primary_category":[],"jnews_social_meta":[],"jnews_override_counter":[],"jnews_post_split":[],"footnotes":""},"categories":[59],"tags":[73,82],"class_list":["post-3432","post","type-post","status-publish","format-standard","has-post-thumbnail","hentry","category-antigua","tag-educacion","tag-fuerteventura"],"jetpack_featured_media_url":"https:\/\/informacionlocal.es\/wp-content\/uploads\/2025\/05\/jovenes-actrices-y-actores-de-la-unitaria-de-valles-de-ortega-1-scaled-1.jpg","_links":{"self":[{"href":"https:\/\/informacionlocal.es\/it\/wp-json\/wp\/v2\/posts\/3432","targetHints":{"allow":["GET"]}}],"collection":[{"href":"https:\/\/informacionlocal.es\/it\/wp-json\/wp\/v2\/posts"}],"about":[{"href":"https:\/\/informacionlocal.es\/it\/wp-json\/wp\/v2\/types\/post"}],"author":[{"embeddable":true,"href":"https:\/\/informacionlocal.es\/it\/wp-json\/wp\/v2\/users\/1"}],"replies":[{"embeddable":true,"href":"https:\/\/informacionlocal.es\/it\/wp-json\/wp\/v2\/comments?post=3432"}],"version-history":[{"count":0,"href":"https:\/\/informacionlocal.es\/it\/wp-json\/wp\/v2\/posts\/3432\/revisions"}],"wp:featuredmedia":[{"embeddable":true,"href":"https:\/\/informacionlocal.es\/it\/wp-json\/wp\/v2\/media\/3434"}],"wp:attachment":[{"href":"https:\/\/informacionlocal.es\/it\/wp-json\/wp\/v2\/media?parent=3432"}],"wp:term":[{"taxonomy":"category","embeddable":true,"href":"https:\/\/informacionlocal.es\/it\/wp-json\/wp\/v2\/categories?post=3432"},{"taxonomy":"post_tag","embeddable":true,"href":"https:\/\/informacionlocal.es\/it\/wp-json\/wp\/v2\/tags?post=3432"}],"curies":[{"name":"wp","href":"https:\/\/api.w.org\/{rel}","templated":true}]}}