{"id":3378,"date":"2025-05-09T15:09:53","date_gmt":"2025-05-09T15:09:53","guid":{"rendered":"https:\/\/informacionlocal.es\/riscaldamento-in-vista-delle-emozioni-su-asfalto-e-ghiaia-del-rally-sprint-e-del-rally-antigua\/"},"modified":"2025-05-09T15:09:53","modified_gmt":"2025-05-09T15:09:53","slug":"riscaldamento-in-vista-delle-emozioni-su-asfalto-e-ghiaia-del-rally-sprint-e-del-rally-antigua","status":"publish","type":"post","link":"https:\/\/informacionlocal.es\/it\/riscaldamento-in-vista-delle-emozioni-su-asfalto-e-ghiaia-del-rally-sprint-e-del-rally-antigua\/","title":{"rendered":"Riscaldamento in vista delle emozioni su asfalto e ghiaia del Rally Sprint e del Rally Antigua"},"content":{"rendered":"<div class=\"elementor-widget-container\">\n<p><strong>Riscaldamento in vista delle emozioni su asfalto e ghiaia del Rally Sprint e del Rally Antigua<\/strong><\/p>\n<p><strong>&#8211; Antigua sta coordinando con i club automobilistici dell&#8217;isola l&#8217;organizzazione del Rally Sprint su asfalto del 16 agosto e del Rally di Antigua del 6 settembre, entrambi validi per il Campionato delle Isole Canarie.  <\/strong><br \/><strong>&#8211; Conto alla rovescia per la velocit\u00e0 su asfalto dell&#8217;Antigua Sprint Rally e l&#8217;emozione su sterrato dell&#8217;evento principale, l&#8217;Antigua Rally.<\/strong><br \/><strong>&#8211; Oltre a questi due principali eventi motoristici, il 29 novembre verr\u00e0 organizzato e si terr\u00e0 ad Antigua il Motor Solidario.<\/strong><\/p>\n<p>Il Sindaco di Antigua, Mat\u00edas Pe\u00f1a, l&#8217;Assessore allo Sport, Samuel Torres, e i rappresentanti dei club automobilistici di Fuerteventura, in questa occasione presenti per il Club Tibiabin, Ernesto Su\u00e1rez Gil e per il Bet\u00e1n, Ayose Cerde\u00f1a M\u00e9ndez, hanno tenuto una riunione preparatoria per i principali eventi automobilistici che si terranno nel comune, Il Rally Sprint di Antigua il 16 agosto, l&#8217;evento principale, il Rally di Antigua il 6 settembre, entrambi validi per il Campionato Regionale delle Isole Canarie e supportati dalla Federazione Motoristica delle Isole Canarie, e anche il 29 novembre, la Fuerteventura Solidarity Motor Race.<\/p>\n<p>Per mesi abbiamo lavorato su tutti i preparativi, le relazioni e i permessi, soprattutto quelli necessari per questi eventi, e lo facciamo come una squadra, in questo caso composta dai club motoristici dell&#8217;isola e dal Comune di Antigua&#8221;, ha dichiarato l&#8217;assessore allo Sport, Samuel Torres.<\/p>\n<p>Si tratta di garantire e avere tutto pronto per ricevere le squadre partecipanti dell&#8217;isola e delle Canarie, dice il sindaco, Mat\u00edas Pe\u00f1a, che gareggiano con le carrozzerie pi\u00f9 moderne e la cui qualit\u00e0 di piloti e copiloti nella loro carriera \u00e8 salita di livello e di categoria, quindi dobbiamo essere all&#8217;altezza del compito.<\/p>\n<p>E come culmine finale, aggiunge il portavoce del club Tibiab\u00edn, sar\u00e0 ad Antigua il 16 dicembre, dove celebreremo la Gran Cena del Motor di Fuerteventura di quest&#8217;anno, come chiusura assicurata di una grande stagione 2025.<\/p>\n<\/p>\n<\/div>\n","protected":false},"excerpt":{"rendered":"<p><strong>Riscaldamento in vista delle emozioni su asfalto e ghiaia del Rally Sprint e del Rally Antigua.<\/strong><\/p>\n","protected":false},"author":1,"featured_media":3377,"comment_status":"open","ping_status":"open","sticky":false,"template":"","format":"standard","meta":{"inline_featured_image":false,"jnews-multi-image_gallery":[],"jnews_single_post":[],"jnews_primary_category":[],"jnews_social_meta":[],"jnews_override_counter":[],"jnews_post_split":[],"footnotes":""},"categories":[282],"tags":[223],"class_list":["post-3378","post","type-post","status-publish","format-standard","has-post-thumbnail","hentry","category-antigua-it","tag-fuerteventura-it"],"jetpack_featured_media_url":"https:\/\/informacionlocal.es\/wp-content\/uploads\/2025\/05\/reunion-con-equipo-s-derallies-scaled-1.jpg","_links":{"self":[{"href":"https:\/\/informacionlocal.es\/it\/wp-json\/wp\/v2\/posts\/3378","targetHints":{"allow":["GET"]}}],"collection":[{"href":"https:\/\/informacionlocal.es\/it\/wp-json\/wp\/v2\/posts"}],"about":[{"href":"https:\/\/informacionlocal.es\/it\/wp-json\/wp\/v2\/types\/post"}],"author":[{"embeddable":true,"href":"https:\/\/informacionlocal.es\/it\/wp-json\/wp\/v2\/users\/1"}],"replies":[{"embeddable":true,"href":"https:\/\/informacionlocal.es\/it\/wp-json\/wp\/v2\/comments?post=3378"}],"version-history":[{"count":0,"href":"https:\/\/informacionlocal.es\/it\/wp-json\/wp\/v2\/posts\/3378\/revisions"}],"wp:featuredmedia":[{"embeddable":true,"href":"https:\/\/informacionlocal.es\/it\/wp-json\/wp\/v2\/media\/3377"}],"wp:attachment":[{"href":"https:\/\/informacionlocal.es\/it\/wp-json\/wp\/v2\/media?parent=3378"}],"wp:term":[{"taxonomy":"category","embeddable":true,"href":"https:\/\/informacionlocal.es\/it\/wp-json\/wp\/v2\/categories?post=3378"},{"taxonomy":"post_tag","embeddable":true,"href":"https:\/\/informacionlocal.es\/it\/wp-json\/wp\/v2\/tags?post=3378"}],"curies":[{"name":"wp","href":"https:\/\/api.w.org\/{rel}","templated":true}]}}