{"id":3358,"date":"2025-05-09T14:06:44","date_gmt":"2025-05-09T14:06:44","guid":{"rendered":"https:\/\/informacionlocal.es\/le-associazioni-di-imprenditori-italiani-a-fuerteventura-si-presentano-al-sindaco-di-antigua\/"},"modified":"2025-05-09T14:06:44","modified_gmt":"2025-05-09T14:06:44","slug":"le-associazioni-di-imprenditori-italiani-a-fuerteventura-si-presentano-al-sindaco-di-antigua","status":"publish","type":"post","link":"https:\/\/informacionlocal.es\/it\/le-associazioni-di-imprenditori-italiani-a-fuerteventura-si-presentano-al-sindaco-di-antigua\/","title":{"rendered":"Le associazioni di imprenditori italiani a Fuerteventura si presentano al Sindaco di Antigua"},"content":{"rendered":"<div class=\"elementor-widget-container\">\n<p><strong>Le associazioni di imprenditori italiani a Fuerteventura si presentano al Sindaco di Antigua<\/strong><\/p>\n<p><strong>&#8211; Le associazioni presenti nel Comune di Antigua sono a disposizione degli imprenditori e dei residenti italiani per fornire informazioni sulle procedure amministrative, sulle traduzioni o per rispondere a qualsiasi richiesta o proposta.<\/strong><\/p>\n<p>Il sindaco di Antigua, Mat\u00edas Pe\u00f1a, ha ricevuto questo venerd\u00ec mattina i rappresentanti di diverse associazioni imprenditoriali italiane dell&#8217;isola e presenti anche a Caleta de Fuste.<\/p>\n<p>Il sindaco di Antigua ha ringraziato le associazioni italiane per la loro presenza e per la loro disponibilit\u00e0 a collaborare allo sviluppo e alla promozione del territorio comunale, come modo migliore per incentivare lo sviluppo e la promozione del business.<\/p>\n<p>Il presidente dell&#8217;Associazione Amici Italiani di Fuerteventura, Adamo Costella, la presidente dell&#8217;Associazione Alleanza Imprenditoriale Italia-Isole Canarie, Simona Meli, e il presidente dell&#8217;Associazione degli Imprenditori Italiani di Fuerteventura, Adamo Costella, hanno tutti espresso al sindaco la loro volont\u00e0 di collaborare per lo sviluppo imprenditoriale del comune.<\/p>\n<p>Hanno inoltre sottolineato l&#8217;obiettivo di sostenere la crescente comunit\u00e0 imprenditoriale italiana sull&#8217;isola e nel comune di Antigua, dove hanno una presenza speciale a Caleta de Fuste.<\/p>\n<p>Lo sviluppo e l&#8217;ammodernamento di questa localit\u00e0 consente la crescita imprenditoriale della citt\u00e0, e i rappresentanti italiani hanno convenuto che per rafforzare il tessuto imprenditoriale dobbiamo essere uniti, unire le forze e promuovere l&#8217;attivit\u00e0 imprenditoriale, commerciale e turistica, evidenziando pubblicamente i progressi e le attrazioni, lavorando al contempo su ci\u00f2 che deve essere migliorato qui e in tutta l&#8217;isola.<\/p>\n<\/div>\n","protected":false},"excerpt":{"rendered":"<p><strong>Le associazioni di imprenditori italiani a Fuerteventura si presentano al Sindaco di Antigua<\/strong><\/p>\n","protected":false},"author":1,"featured_media":3353,"comment_status":"open","ping_status":"open","sticky":false,"template":"","format":"standard","meta":{"inline_featured_image":false,"jnews-multi-image_gallery":[],"jnews_single_post":[],"jnews_primary_category":[],"jnews_social_meta":[],"jnews_override_counter":[],"jnews_post_split":[],"footnotes":""},"categories":[282],"tags":[247,223],"class_list":["post-3358","post","type-post","status-publish","format-standard","has-post-thumbnail","hentry","category-antigua-it","tag-formalita","tag-fuerteventura-it"],"jetpack_featured_media_url":"https:\/\/informacionlocal.es\/wp-content\/uploads\/2025\/05\/asociaciones-de-empresarios-italianos-en-fuerteventura-se-presentan-al-alcalde-de-antigua.jpg","_links":{"self":[{"href":"https:\/\/informacionlocal.es\/it\/wp-json\/wp\/v2\/posts\/3358","targetHints":{"allow":["GET"]}}],"collection":[{"href":"https:\/\/informacionlocal.es\/it\/wp-json\/wp\/v2\/posts"}],"about":[{"href":"https:\/\/informacionlocal.es\/it\/wp-json\/wp\/v2\/types\/post"}],"author":[{"embeddable":true,"href":"https:\/\/informacionlocal.es\/it\/wp-json\/wp\/v2\/users\/1"}],"replies":[{"embeddable":true,"href":"https:\/\/informacionlocal.es\/it\/wp-json\/wp\/v2\/comments?post=3358"}],"version-history":[{"count":0,"href":"https:\/\/informacionlocal.es\/it\/wp-json\/wp\/v2\/posts\/3358\/revisions"}],"wp:featuredmedia":[{"embeddable":true,"href":"https:\/\/informacionlocal.es\/it\/wp-json\/wp\/v2\/media\/3353"}],"wp:attachment":[{"href":"https:\/\/informacionlocal.es\/it\/wp-json\/wp\/v2\/media?parent=3358"}],"wp:term":[{"taxonomy":"category","embeddable":true,"href":"https:\/\/informacionlocal.es\/it\/wp-json\/wp\/v2\/categories?post=3358"},{"taxonomy":"post_tag","embeddable":true,"href":"https:\/\/informacionlocal.es\/it\/wp-json\/wp\/v2\/tags?post=3358"}],"curies":[{"name":"wp","href":"https:\/\/api.w.org\/{rel}","templated":true}]}}