{"id":3331,"date":"2025-05-08T21:55:24","date_gmt":"2025-05-08T21:55:24","guid":{"rendered":"https:\/\/informacionlocal.es\/il-mercato-municipale-di-puerto-del-rosario-affronta-il-suo-ultimo-tratto-come-infrastruttura-moderna-dinamica-e-ricca-di-opportunita\/"},"modified":"2025-05-08T21:55:24","modified_gmt":"2025-05-08T21:55:24","slug":"il-mercato-municipale-di-puerto-del-rosario-affronta-il-suo-ultimo-tratto-come-infrastruttura-moderna-dinamica-e-ricca-di-opportunita","status":"publish","type":"post","link":"https:\/\/informacionlocal.es\/it\/il-mercato-municipale-di-puerto-del-rosario-affronta-il-suo-ultimo-tratto-come-infrastruttura-moderna-dinamica-e-ricca-di-opportunita\/","title":{"rendered":"Il Mercato Municipale di Puerto del Rosario affronta il suo ultimo tratto come infrastruttura moderna, dinamica e ricca di opportunit\u00e0."},"content":{"rendered":"<div class=\"entry-content\">\n<p>I lavori di ristrutturazione completa del Mercato Municipale di Puerto del Rosario procedono a ritmo molto sostenuto e mostrano gi\u00e0 un&#8217;infrastruttura trasformata e moderna, aperta sul mare. In una recente visita alle strutture, l&#8217;Assessore al Commercio Tacoremi Guti\u00e9rrez, accompagnato da tecnici comunali, ha potuto verificare l&#8217;elevato grado di esecuzione dei lavori, nonch\u00e9 osservare in loco i futuri spazi gastronomici e commerciali. Durante la visita sono stati analizzati gli aspetti chiave della futura gestione e del funzionamento del mercato, dall&#8217;organizzazione delle bancarelle alla loro integrazione con la vita urbana e il litorale cittadino.  <\/p>\n<p>Con un investimento di quasi un milione di euro, interamente finanziato con fondi comunali, questo edificio emblematico &#8211; un tempo il primo mattatoio dell&#8217;isola &#8211; viene trasformato in uno spazio con anima, identit\u00e0 e storia, che collegher\u00e0 il tradizionale Puerto Cabras con il viale del mare, proiettando un&#8217;immagine rinnovata della capitale.<\/p>\n<p>La nuova infrastruttura avr\u00e0 14 bancarelle che ospiteranno prodotti locali al piano terra, mentre il piano superiore offrir\u00e0 un&#8217;attraente area ristorante, concepita come punto d&#8217;incontro per residenti e visitatori, promuovendo l&#8217;attivit\u00e0 economica e il dinamismo sociale della zona.<\/p>\n<p>Il sindaco, David de Vera, ha sottolineato che &#8220;questo progetto recupera uno spazio storico per restituirlo ai cittadini come luogo vivo, con una vocazione per il futuro e con la capacit\u00e0 di attivare il centro urbano. \u00c8 un chiaro esempio di come il passato e il presente possano dialogare per costruire una Puerto del Rosario pi\u00f9 moderna e legata alla sua costa&#8221;.<\/p>\n<p>Da parte sua, l&#8217;assessore al Commercio, Tacoremi Guti\u00e9rrez, ha sottolineato che &#8220;si tratta di un&#8217;opportunit\u00e0 unica per rivalutare non solo i prodotti locali, ma anche il talento e l&#8217;energia di coloro che faranno parte di questo mercato. Vogliamo che sia un luogo dinamico, ricco di esperienze, dove le persone non solo acquistano, ma si incontrano, condividono e godono del meglio della nostra terra&#8221;.<\/p>\n<p>Il Comune di Puerto del Rosario ribadisce cos\u00ec il suo impegno per la modernizzazione degli spazi pubblici e la promozione di un&#8217;economia pi\u00f9 vicina e sostenibile, con profonde radici nell&#8217;identit\u00e0 locale.<\/p>\n<\/div>\n","protected":false},"excerpt":{"rendered":"<p>I lavori di ristrutturazione completa del Mercato Municipale di Puerto del Rosario procedono a ritmo molto sostenuto e mostrano gi\u00e0 un&#8217;infrastruttura trasformata e moderna, aperta sul mare. In una recente [&hellip;]<\/p>\n","protected":false},"author":1,"featured_media":3329,"comment_status":"open","ping_status":"open","sticky":false,"template":"","format":"standard","meta":{"inline_featured_image":false,"jnews-multi-image_gallery":[],"jnews_single_post":[],"jnews_primary_category":[],"jnews_social_meta":[],"jnews_override_counter":[],"jnews_post_split":[],"footnotes":""},"categories":[295],"tags":[336,220],"class_list":["post-3331","post","type-post","status-publish","format-standard","has-post-thumbnail","hentry","category-puerto-del-rosario-it","tag-economia-it","tag-integrazione"],"jetpack_featured_media_url":"https:\/\/informacionlocal.es\/wp-content\/uploads\/2025\/05\/mp-22-exterior-0525.jpg","_links":{"self":[{"href":"https:\/\/informacionlocal.es\/it\/wp-json\/wp\/v2\/posts\/3331","targetHints":{"allow":["GET"]}}],"collection":[{"href":"https:\/\/informacionlocal.es\/it\/wp-json\/wp\/v2\/posts"}],"about":[{"href":"https:\/\/informacionlocal.es\/it\/wp-json\/wp\/v2\/types\/post"}],"author":[{"embeddable":true,"href":"https:\/\/informacionlocal.es\/it\/wp-json\/wp\/v2\/users\/1"}],"replies":[{"embeddable":true,"href":"https:\/\/informacionlocal.es\/it\/wp-json\/wp\/v2\/comments?post=3331"}],"version-history":[{"count":0,"href":"https:\/\/informacionlocal.es\/it\/wp-json\/wp\/v2\/posts\/3331\/revisions"}],"wp:featuredmedia":[{"embeddable":true,"href":"https:\/\/informacionlocal.es\/it\/wp-json\/wp\/v2\/media\/3329"}],"wp:attachment":[{"href":"https:\/\/informacionlocal.es\/it\/wp-json\/wp\/v2\/media?parent=3331"}],"wp:term":[{"taxonomy":"category","embeddable":true,"href":"https:\/\/informacionlocal.es\/it\/wp-json\/wp\/v2\/categories?post=3331"},{"taxonomy":"post_tag","embeddable":true,"href":"https:\/\/informacionlocal.es\/it\/wp-json\/wp\/v2\/tags?post=3331"}],"curies":[{"name":"wp","href":"https:\/\/api.w.org\/{rel}","templated":true}]}}