{"id":3320,"date":"2025-05-08T15:58:43","date_gmt":"2025-05-08T15:58:43","guid":{"rendered":"https:\/\/informacionlocal.es\/il-municipio-di-pajara-rende-omaggio-al-poeta-andres-gonzalez-frances\/"},"modified":"2025-05-08T15:58:43","modified_gmt":"2025-05-08T15:58:43","slug":"il-municipio-di-pajara-rende-omaggio-al-poeta-andres-gonzalez-frances","status":"publish","type":"post","link":"https:\/\/informacionlocal.es\/it\/il-municipio-di-pajara-rende-omaggio-al-poeta-andres-gonzalez-frances\/","title":{"rendered":"Il Municipio di P\u00e1jara rende omaggio al poeta Andr\u00e9s Gonz\u00e1lez Franc\u00e9s"},"content":{"rendered":"<div class=\"entry-content\">\n<p><b><i>La Commissione per le Onorificenze e le Distinzioni approva la proposta di dedicargli una strada o una piazza con una scultura, che sar\u00e0 portata alla sessione plenaria del 15 maggio.<\/i><\/b><\/p>\n<p><span>Il Consiglio Comunale di P\u00e1jara, attraverso la Commissione Onorificenze e Distinzioni, ha approvato di presentare alla prossima sessione plenaria comunale una proposta di omaggio al poeta Andr\u00e9s Gonz\u00e1lez Franc\u00e9s. Tutti i membri della commissione, in cui sono rappresentati i gruppi politici del Partito Socialista, Coalici\u00f3n Canaria, Nueva Canarias, Juntos por P\u00e1jara, Asambleas Municipales de Fuerteventura e il Partido Popular, hanno votato all&#8217;unanimit\u00e0 per avviare il processo che culminer\u00e0 nell&#8217;intitolazione di una strada o di una piazza con una scultura, in riconoscimento dell&#8217;eredit\u00e0 culturale dell&#8217;autore. <\/span><\/p>\n<p><span>Andr\u00e9s Gonz\u00e1lez Franc\u00e9s, nato a Morro Jable nel 1951, \u00e8 uno straordinario poeta di Fuerteventura le cui opere sono caratterizzate da una costante dedizione all&#8217;esaltazione dell&#8217;identit\u00e0 e dei valori di Fuerteventura. La sua vita e la sua carriera professionale includono l&#8217;attivit\u00e0 di funzionario pubblico, sindacalista, consigliere del comune di P\u00e1jara e marinaio, portando al suo lavoro una visione arricchita e impegnata. Tra le sue pubblicazioni pi\u00f9 importanti figurano &#8220;Cuarenta Sentimientos&#8221;, &#8220;P\u00e1jara en verso&#8221;, &#8220;Pasiones a la Deriva&#8221;, &#8220;Vivencias y Pensamientos&#8221; e &#8220;De Greguer\u00edas y Haikus&#8221;, oltre a un&#8217;importante opera narrativa e a collaborazioni collettive. Inoltre, \u00e8 disponibile una preziosa raccolta di 228 poesie inedite, che mostra l&#8217;ampiezza e la profondit\u00e0 della sua eredit\u00e0 letteraria.     <\/span><\/p>\n<p><span>Il Concistoro ritiene che questo omaggio risponda alla volont\u00e0 comune di riconoscere la figura del poeta Majorero come riferimento culturale locale e simbolo di impegno nella societ\u00e0. Questa decisione congiunta riflette la sensibilit\u00e0 condivisa dalla corporazione municipale di conservare e rendere visibile la memoria di coloro che hanno contribuito allo sviluppo culturale, sociale e politico del comune.   <\/span><\/p>\n<\/p>\n<div>Condividi<\/div>\n<\/div>\n","protected":false},"excerpt":{"rendered":"<p><i>La Commissione per le Onorificenze e le Distinzioni approva la proposta di dedicargli una strada o una piazza con una scultura, che sar\u00e0 portata alla sessione plenaria del 15 maggio.<\/i><\/p>\n","protected":false},"author":1,"featured_media":3317,"comment_status":"open","ping_status":"open","sticky":false,"template":"","format":"standard","meta":{"inline_featured_image":false,"jnews-multi-image_gallery":[],"jnews_single_post":[],"jnews_primary_category":[],"jnews_social_meta":[],"jnews_override_counter":[],"jnews_post_split":[],"footnotes":""},"categories":[298],"tags":[223],"class_list":["post-3320","post","type-post","status-publish","format-standard","has-post-thumbnail","hentry","category-pajara-it","tag-fuerteventura-it"],"jetpack_featured_media_url":"https:\/\/informacionlocal.es\/wp-content\/uploads\/2025\/05\/andres-gonzalez-frances.png","_links":{"self":[{"href":"https:\/\/informacionlocal.es\/it\/wp-json\/wp\/v2\/posts\/3320","targetHints":{"allow":["GET"]}}],"collection":[{"href":"https:\/\/informacionlocal.es\/it\/wp-json\/wp\/v2\/posts"}],"about":[{"href":"https:\/\/informacionlocal.es\/it\/wp-json\/wp\/v2\/types\/post"}],"author":[{"embeddable":true,"href":"https:\/\/informacionlocal.es\/it\/wp-json\/wp\/v2\/users\/1"}],"replies":[{"embeddable":true,"href":"https:\/\/informacionlocal.es\/it\/wp-json\/wp\/v2\/comments?post=3320"}],"version-history":[{"count":0,"href":"https:\/\/informacionlocal.es\/it\/wp-json\/wp\/v2\/posts\/3320\/revisions"}],"wp:featuredmedia":[{"embeddable":true,"href":"https:\/\/informacionlocal.es\/it\/wp-json\/wp\/v2\/media\/3317"}],"wp:attachment":[{"href":"https:\/\/informacionlocal.es\/it\/wp-json\/wp\/v2\/media?parent=3320"}],"wp:term":[{"taxonomy":"category","embeddable":true,"href":"https:\/\/informacionlocal.es\/it\/wp-json\/wp\/v2\/categories?post=3320"},{"taxonomy":"post_tag","embeddable":true,"href":"https:\/\/informacionlocal.es\/it\/wp-json\/wp\/v2\/tags?post=3320"}],"curies":[{"name":"wp","href":"https:\/\/api.w.org\/{rel}","templated":true}]}}