{"id":3310,"date":"2025-05-08T12:03:09","date_gmt":"2025-05-08T12:03:09","guid":{"rendered":"https:\/\/informacionlocal.es\/la-oliva-ospita-la-settimana-delle-isole-canarie-dal-19-al-30-maggio\/"},"modified":"2025-05-08T12:03:09","modified_gmt":"2025-05-08T12:03:09","slug":"la-oliva-ospita-la-settimana-delle-isole-canarie-dal-19-al-30-maggio","status":"publish","type":"post","link":"https:\/\/informacionlocal.es\/it\/la-oliva-ospita-la-settimana-delle-isole-canarie-dal-19-al-30-maggio\/","title":{"rendered":"La Oliva ospita la Settimana delle Isole Canarie dal 19 al 30 maggio"},"content":{"rendered":"<p>Il Municipio di La Oliva presenta il programma della Giornata delle Isole Canarie attraverso l&#8217;Assessorato al Commercio, diretto da Alexandra Mart\u00edn, insieme all&#8217;Assessorato alla Cultura, gestito da David Hern\u00e1ndez. Dal 19 al 30 maggio, quindi, il Comune ospiter\u00e0 diverse attivit\u00e0 a carattere canario. Da un lato, l&#8217;Assessorato alla Cultura propone un programma speciale a Los Lajares, dal 19 al 24 maggio, con un&#8217;ampia gamma di attivit\u00e0 culturali volte a valorizzare le nostre tradizioni, il nostro patrimonio e la nostra identit\u00e0. Durante questa settimana \u00e8 possibile assistere a vari laboratori, lezioni, giochi e attivit\u00e0 tradizionali in cui i bambini e le loro famiglie potranno godere al meglio della cultura canaria, come ad esempio il laboratorio di abiti tradizionali, in cui ci verr\u00e0 spiegato come indossare i nostri vestiti, come mettere le sciarpe, ecc.   <\/p>\n<p>Il programma prevede anche il primo Chef Master delle Canarie e il Campionato dell&#8217;et\u00e0 scolare delle Canarie e il Torneo dell&#8217;Amicizia &#8220;Amigos de la Bola Canaria&#8221;. Venerd\u00ec 23 maggio, i visitatori potranno assistere al concerto &#8220;Atlantic Sounds&#8221; di Olga Cerpa &amp; Mestisay. Il villaggio di Los Lajares avr\u00e0 un tocco finale sabato 24 maggio dalle 10:00 fino alle prime ore del mattino con un mercatino dell&#8217;artigianato, con il programma di recupero &#8220;No olvides lo nuestro&#8221;, del Cabildo Insular de Fuerteventura, la mungitura delle capre, spettacoli per bambini con la nostra musica tradizionale e chiuderemo con un grande &#8216;Baile Popular Canario&#8217; accompagnato da gruppi folcloristici, parrandas e gruppi popolari. Quest&#8217;ultimo evento si distingue perch\u00e9 ha anche il sostegno dei vicini, che ha permesso di promuovere questo evento anno dopo anno nei diversi villaggi del comune.     <\/p>\n<p>D&#8217;altra parte, il Dipartimento del Commercio fornisce i dettagli della sua campagna &#8220;Semana de Canarias Enyesque Comercial en Corralejo&#8221;, un evento che si terr\u00e0 dal 26 al 30 maggio, in cui l&#8217;Avenida Nuestra Se\u00f1ora del Carmen ospiter\u00e0 un mercato gastro-artigianale canario, spettacoli musicali, show-cooking, conferenze, laboratori e degustazioni. Allo stesso tempo, viene annunciata la nuova campagna di promozione commerciale &#8220;La Ruleta del Tenderete&#8221;, attraverso la quale verranno distribuiti premi per 4.000 euro a coloro che acquisteranno nei negozi locali aderenti. Inoltre, il 28 maggio si terr\u00e0 a El Cotillo un laboratorio gastronomico con uno dei prodotti locali pi\u00f9 caratteristici dell&#8217;isola, la carne di capra.  <\/p>\n<p>Il sindaco di La Oliva, Isa\u00ed Blanco, sottolinea: &#8220;Ogni anno manifestiamo la chiara intenzione di sostenere questa celebrazione, la Giornata delle Isole Canarie. L&#8217;obiettivo \u00e8 quello di lavorare per diffondere la tradizione, l&#8217;impegno, l&#8217;ospitalit\u00e0 e l&#8217;orgoglio del nostro popolo, quello che eravamo e siamo ancora. Per questo motivo, siamo orgogliosi di continuare a promuovere la nostra cultura attraverso il dinamismo commerciale, la gastronomia e il sostegno ai nostri folcloristi, produttori, cuochi e commercianti nei diversi eventi che abbiamo preparato.<\/p>\n<p>Da parte sua, l&#8217;assessore al Commercio, Alexandra Mart\u00edn, afferma: &#8220;L&#8217;idea \u00e8 quella di unire tradizione, gastronomia, commercio e partecipazione del quartiere in una settimana che mette in risalto tutto ci\u00f2 che rappresenta la nostra identit\u00e0 canaria. \u00c8 per questo che azioni come questa rendono pi\u00f9 dinamiche le nostre aree commerciali aperte, creano sinergie tra i settori e riportano la vita nelle strade&#8221;.  <\/p>\n<p>Per concludere, l&#8217;Assessore alla Cultura, David Hern\u00e1ndez, ha sottolineato l&#8217;importanza di continuare a diffondere le nostre tradizioni: &#8220;Per noi \u00e8 fondamentale continuare a far conoscere le nostre tradizioni, le particolarit\u00e0 della cultura canaria e, in breve, chi siamo. Attraverso il folclore, la danza e la gastronomia culmineremo il programma culturale con un evento molto speciale come il Baile de Taifas a Lajares il 24 maggio&#8221;.<\/p>\n<p>Tutto questo si aggiunge ai laboratori di attivit\u00e0 canarie tenuti nelle scuole del Comune dal Dipartimento di Educazione, guidato da Omaira Saavedra, dimostrando cos\u00ec la grande proposta del Comune per questo programma nell&#8217;ambito della Giornata delle Isole Canarie.<\/p>\n","protected":false},"excerpt":{"rendered":"<p><span>Il Concistoro presenta un programma che combina tradizione, cultura, gastronomia, sport e dinamizzazione commerciale per attirare l&#8217;attenzione di abitanti e visitatori.<\/span><\/p>\n","protected":false},"author":1,"featured_media":3305,"comment_status":"open","ping_status":"open","sticky":false,"template":"","format":"standard","meta":{"inline_featured_image":false,"jnews-multi-image_gallery":[],"jnews_single_post":[],"jnews_primary_category":[],"jnews_social_meta":[],"jnews_override_counter":[],"jnews_post_split":[],"footnotes":""},"categories":[292],"tags":[223],"class_list":["post-3310","post","type-post","status-publish","format-standard","has-post-thumbnail","hentry","category-la-oliva-it","tag-fuerteventura-it"],"jetpack_featured_media_url":"https:\/\/informacionlocal.es\/wp-content\/uploads\/2025\/05\/5193_08d98bca.png","_links":{"self":[{"href":"https:\/\/informacionlocal.es\/it\/wp-json\/wp\/v2\/posts\/3310","targetHints":{"allow":["GET"]}}],"collection":[{"href":"https:\/\/informacionlocal.es\/it\/wp-json\/wp\/v2\/posts"}],"about":[{"href":"https:\/\/informacionlocal.es\/it\/wp-json\/wp\/v2\/types\/post"}],"author":[{"embeddable":true,"href":"https:\/\/informacionlocal.es\/it\/wp-json\/wp\/v2\/users\/1"}],"replies":[{"embeddable":true,"href":"https:\/\/informacionlocal.es\/it\/wp-json\/wp\/v2\/comments?post=3310"}],"version-history":[{"count":0,"href":"https:\/\/informacionlocal.es\/it\/wp-json\/wp\/v2\/posts\/3310\/revisions"}],"wp:featuredmedia":[{"embeddable":true,"href":"https:\/\/informacionlocal.es\/it\/wp-json\/wp\/v2\/media\/3305"}],"wp:attachment":[{"href":"https:\/\/informacionlocal.es\/it\/wp-json\/wp\/v2\/media?parent=3310"}],"wp:term":[{"taxonomy":"category","embeddable":true,"href":"https:\/\/informacionlocal.es\/it\/wp-json\/wp\/v2\/categories?post=3310"},{"taxonomy":"post_tag","embeddable":true,"href":"https:\/\/informacionlocal.es\/it\/wp-json\/wp\/v2\/tags?post=3310"}],"curies":[{"name":"wp","href":"https:\/\/api.w.org\/{rel}","templated":true}]}}