{"id":3296,"date":"2025-05-08T11:58:52","date_gmt":"2025-05-08T11:58:52","guid":{"rendered":"https:\/\/informacionlocal.es\/weekend-della-verbena-nelle-feste-di-triquivijate\/"},"modified":"2025-05-08T11:58:52","modified_gmt":"2025-05-08T11:58:52","slug":"weekend-della-verbena-nelle-feste-di-triquivijate","status":"publish","type":"post","link":"https:\/\/informacionlocal.es\/it\/weekend-della-verbena-nelle-feste-di-triquivijate\/","title":{"rendered":"Weekend della Verbena nelle Feste di Triquivijate"},"content":{"rendered":"<div class=\"elementor-widget-container\">\n<p><strong>Weekend della Verbena nelle Feste di Triquivijate<\/strong><\/p>\n<p><strong>&#8211; Mejor con Copas in concerto questo venerd\u00ec 9 maggio alle 20:30 e alle 22:30 alla Verbena con Gente Nueva e Nuevo Klan.<\/strong><\/p>\n<p><strong>&#8211; Questo sabato ci sar\u00e0 una grande Verbena con le esibizioni, a partire dalle 22:00, del Grupo Bomba y su Orquesta di Fuerteventura, seguito dal gruppo Arena di Gran Canaria e dall&#8217;orchestra Banda Nueva di Lanzarote.<\/strong><\/p>\n<p><strong>&#8211; I pi\u00f9 piccoli saranno i protagonisti delle feste per bambini di venerd\u00ec pomeriggio e sabato mattina.<\/strong><\/p>\n<p>Le Fiestas de Triquivijate in onore di San Isidro Labrador e Santa Mar\u00eda de La Cabeza celebrano questo fine settimana i loro spettacoli principali, le feste per bambini e le danze all&#8217;aperto in un programma di festa organizzato dal Municipio di Antigua dal Dipartimento delle Feste e dalla Commissione delle Fiestas di Triquivijate 2025.<\/p>\n<p>Vorremmo ricordare ai nostri vicini che nelle notti in cui gli spettacoli finiscono nelle prime ore del mattino, c&#8217;\u00e8 un servizio di taxi venerd\u00ec 9 dalle 21:30 alle 02:30 e sabato 10 dalle 22:00 alle 03:30, e il sindaco, Mat\u00edas Pe\u00f1a, aggiunge che il divertimento non va contro la sicurezza personale o di chi ci accompagna.<\/p>\n<p>Questo fine settimana \u00e8 il principale, precisa l&#8217;assessore alle Feste, Pedro Armas, nel programma festivo offerto dalle Feste di Triquivijate, che propongono le Feste Infantili il venerd\u00ec pomeriggio e il sabato mattina.<\/p>\n<p>I Mejor con Copas daranno il ritmo sul palco con la loro esibizione questo venerd\u00ec alle 20:30, seguiti dai Verbena con Gente Nueva e Nuevo Klan e sabato dalle 22:00 potremo godere del Grupo Bomba y su Orquesta di Fuerteventura, Arena di Gran Canaria e l&#8217;orchestra Banda Nueva di Lanzarote.<\/p>\n<p>Domenica pomeriggio, dopo essersi riposati e ripresi dalle notti di ballo, annuncia l&#8217;assessore, la Commissione Festeggiamenti organizza una grigliata popolare e di quartiere alle 16:00 nel Merendero del Pueblo, con l&#8217;accompagnamento musicale del DJ Valdivia.<\/p>\n<\/p>\n<\/div>\n","protected":false},"excerpt":{"rendered":"<p><strong>Weekend della Verbena nelle Feste di Triquivijate<\/strong><\/p>\n","protected":false},"author":1,"featured_media":3293,"comment_status":"open","ping_status":"open","sticky":false,"template":"","format":"standard","meta":{"inline_featured_image":false,"jnews-multi-image_gallery":[],"jnews_single_post":[],"jnews_primary_category":[],"jnews_social_meta":[],"jnews_override_counter":[],"jnews_post_split":[],"footnotes":""},"categories":[282],"tags":[223],"class_list":["post-3296","post","type-post","status-publish","format-standard","has-post-thumbnail","hentry","category-antigua-it","tag-fuerteventura-it"],"jetpack_featured_media_url":"https:\/\/informacionlocal.es\/wp-content\/uploads\/2025\/05\/imagen-de-whatsapp-2025-05-05-a-las-10-02-16_238d2d21.jpg","_links":{"self":[{"href":"https:\/\/informacionlocal.es\/it\/wp-json\/wp\/v2\/posts\/3296","targetHints":{"allow":["GET"]}}],"collection":[{"href":"https:\/\/informacionlocal.es\/it\/wp-json\/wp\/v2\/posts"}],"about":[{"href":"https:\/\/informacionlocal.es\/it\/wp-json\/wp\/v2\/types\/post"}],"author":[{"embeddable":true,"href":"https:\/\/informacionlocal.es\/it\/wp-json\/wp\/v2\/users\/1"}],"replies":[{"embeddable":true,"href":"https:\/\/informacionlocal.es\/it\/wp-json\/wp\/v2\/comments?post=3296"}],"version-history":[{"count":0,"href":"https:\/\/informacionlocal.es\/it\/wp-json\/wp\/v2\/posts\/3296\/revisions"}],"wp:featuredmedia":[{"embeddable":true,"href":"https:\/\/informacionlocal.es\/it\/wp-json\/wp\/v2\/media\/3293"}],"wp:attachment":[{"href":"https:\/\/informacionlocal.es\/it\/wp-json\/wp\/v2\/media?parent=3296"}],"wp:term":[{"taxonomy":"category","embeddable":true,"href":"https:\/\/informacionlocal.es\/it\/wp-json\/wp\/v2\/categories?post=3296"},{"taxonomy":"post_tag","embeddable":true,"href":"https:\/\/informacionlocal.es\/it\/wp-json\/wp\/v2\/tags?post=3296"}],"curies":[{"name":"wp","href":"https:\/\/api.w.org\/{rel}","templated":true}]}}