{"id":3286,"date":"2025-05-08T09:00:31","date_gmt":"2025-05-08T09:00:31","guid":{"rendered":"https:\/\/informacionlocal.es\/sono-aperte-le-iscrizioni-al-baile-de-taifas-di-antigua\/"},"modified":"2025-05-08T09:00:31","modified_gmt":"2025-05-08T09:00:31","slug":"sono-aperte-le-iscrizioni-al-baile-de-taifas-di-antigua","status":"publish","type":"post","link":"https:\/\/informacionlocal.es\/it\/sono-aperte-le-iscrizioni-al-baile-de-taifas-di-antigua\/","title":{"rendered":"Sono aperte le iscrizioni al Baile de Taifas di Antigua."},"content":{"rendered":"<div class=\"elementor-widget-container\">\n<p><strong>20250505_Altri_ GIORNO ISOLE CANARIE 2025  <\/strong><\/p>\n<p><strong>MODULO DI RICHIESTA DI TAVOLI PER IL BAILE DE TAIFAS 2025<\/strong><\/p>\n<p><strong>Sono aperte le iscrizioni al Baile de Taifas di Antigua.<\/strong><\/p>\n<p><strong>&#8211; Giornata delle Isole Canarie, il 30 maggio, nella Plaza de Antigua dalle 13:00 alle 19:00 con il Gran Baile de Taifas.  <\/strong><br \/><strong>&#8211; La domanda per un tavolo deve essere presentata registrandosi presso il Municipio di Antigua, la Tenencia de Alcald\u00eda di Caleta de Fuste o per via elettronica.  <\/strong><br \/><strong>&#8211; La scadenza per la presentazione delle domande \u00e8 il 20 maggio.<\/strong><\/p>\n<p>Il Municipio di Antigua, dal Dipartimento di Cultura, organizza la celebrazione della Giornata delle Isole Canarie, il 30 maggio, con un grande Baile de Taifas.<\/p>\n<p>Il periodo di iscrizione per le famiglie, i gruppi o le associazioni interessate a partecipare \u00e8 aperto fino al 20 maggio, secondo quanto dichiarato dall&#8217;assessore alla Cultura, Jonathan Pe\u00f1a. \u00c8 sufficiente indicare il nome del richiedente e il numero di commensali sul modulo di iscrizione, che deve essere presentato attraverso il Registro degli ingressi.<\/p>\n<p>Per celebrare la Giornata delle Isole Canarie con il colore che merita, un riflesso della nostra storia, incoraggiamo tutti i partecipanti che si identificano con la nostra tradizione e la nostra terra, a venire vestiti in modo elegante e a mostrare il loro miglior abbigliamento canario&#8221;, aggiunge Jonathan Pe\u00f1a.<\/p>\n<p>Il D\u00eda de Canarias di Antigua si caratterizza ogni anno come una festa intima e accogliente, in cui le famiglie, i gruppi di amici e i vicini di casa, i club e le associazioni diventano i padroni di casa di questa citt\u00e0, con tavole piene di calderos, pucheros e piatti canari, ognuno sempre pi\u00f9 gustoso, dice il sindaco, Mat\u00edas Pe\u00f1a Garc\u00eda.<\/p>\n<p>Antigua celebra la Giornata delle Isole Canarie dalle 13:00 alle 19:00, in una piazza addobbata e vestita a festa per l&#8217;occasione, con esibizioni folcloristiche di gruppi e parrandas, musica che accompagna un vivace Baile de Taifas.<\/p>\n<\/p>\n<\/div>\n","protected":false},"excerpt":{"rendered":"<p><strong>20250505_Altri_ GIORNO ISOLE CANARIE 2025  <\/strong><\/p>\n","protected":false},"author":1,"featured_media":3281,"comment_status":"open","ping_status":"open","sticky":false,"template":"","format":"standard","meta":{"inline_featured_image":false,"jnews-multi-image_gallery":[],"jnews_single_post":[],"jnews_primary_category":[],"jnews_social_meta":[],"jnews_override_counter":[],"jnews_post_split":[],"footnotes":""},"categories":[282],"tags":[],"class_list":["post-3286","post","type-post","status-publish","format-standard","has-post-thumbnail","hentry","category-antigua-it"],"jetpack_featured_media_url":"https:\/\/informacionlocal.es\/wp-content\/uploads\/2025\/05\/baile-taifas-antigua-scaled-1.jpg","_links":{"self":[{"href":"https:\/\/informacionlocal.es\/it\/wp-json\/wp\/v2\/posts\/3286","targetHints":{"allow":["GET"]}}],"collection":[{"href":"https:\/\/informacionlocal.es\/it\/wp-json\/wp\/v2\/posts"}],"about":[{"href":"https:\/\/informacionlocal.es\/it\/wp-json\/wp\/v2\/types\/post"}],"author":[{"embeddable":true,"href":"https:\/\/informacionlocal.es\/it\/wp-json\/wp\/v2\/users\/1"}],"replies":[{"embeddable":true,"href":"https:\/\/informacionlocal.es\/it\/wp-json\/wp\/v2\/comments?post=3286"}],"version-history":[{"count":0,"href":"https:\/\/informacionlocal.es\/it\/wp-json\/wp\/v2\/posts\/3286\/revisions"}],"wp:featuredmedia":[{"embeddable":true,"href":"https:\/\/informacionlocal.es\/it\/wp-json\/wp\/v2\/media\/3281"}],"wp:attachment":[{"href":"https:\/\/informacionlocal.es\/it\/wp-json\/wp\/v2\/media?parent=3286"}],"wp:term":[{"taxonomy":"category","embeddable":true,"href":"https:\/\/informacionlocal.es\/it\/wp-json\/wp\/v2\/categories?post=3286"},{"taxonomy":"post_tag","embeddable":true,"href":"https:\/\/informacionlocal.es\/it\/wp-json\/wp\/v2\/tags?post=3286"}],"curies":[{"name":"wp","href":"https:\/\/api.w.org\/{rel}","templated":true}]}}