{"id":3271,"date":"2025-05-08T08:39:18","date_gmt":"2025-05-08T08:39:18","guid":{"rendered":"https:\/\/informacionlocal.es\/la-oliva-promuove-laboratori-sulle-attivita-canarie-nelle-scuole-del-comune\/"},"modified":"2025-05-08T08:39:18","modified_gmt":"2025-05-08T08:39:18","slug":"la-oliva-promuove-laboratori-sulle-attivita-canarie-nelle-scuole-del-comune","status":"publish","type":"post","link":"https:\/\/informacionlocal.es\/it\/la-oliva-promuove-laboratori-sulle-attivita-canarie-nelle-scuole-del-comune\/","title":{"rendered":"La Oliva promuove laboratori sulle attivit\u00e0 canarie nelle scuole del comune"},"content":{"rendered":"<p>Il Comune di La Oliva, attraverso l&#8217;Assessorato all&#8217;Istruzione, diretto da Omaira Saavedra, \u00e8 impegnato nel progetto &#8220;Aula de tradiciones&#8221;, un programma che sostiene la diffusione delle attivit\u00e0 di un tempo tipiche delle Isole tra gli studenti del comune. In questo senso, i laboratori mirano a trascendere il livello informativo, in modo che i bambini pi\u00f9 piccoli possano sperimentare in modo pratico diverse attivit\u00e0 tradizionali come l&#8217;allevamento, la pesca, l&#8217;agricoltura, la musica, il telaio e la vela di lateen.   <\/p>\n<p>Questo approccio mira ad andare oltre una semplice giornata in cui si conosce superficialmente lo stile di vita dei nostri antenati canari. Per questo motivo, ci impegniamo a realizzare un&#8217;implementazione completa, in cui gli studenti, attraverso diverse sessioni durante i mesi di aprile e maggio, possano conoscere in modo pi\u00f9 completo i compiti e le attivit\u00e0 degli antenati delle Canarie.   <\/p>\n<p>Il sindaco di La Oliva, Isa\u00ed Blanco, afferma: &#8220;Lo sviluppo del programma rafforza l&#8217;identit\u00e0 e il senso di appartenenza delle Canarie e promuove il rispetto per la diversit\u00e0 culturale. Per due mesi, ai bambini viene offerta la possibilit\u00e0 di entrare in contatto con attivit\u00e0 autoctone delle nostre isole, che ricordano loro i valori e i costumi del nostro popolo&#8221;.  <\/p>\n<p>L&#8217;assessore all&#8217;Educazione, Omaira Saavedra, sottolinea l&#8217;importanza di mettere questo tipo di laboratori a disposizione degli alunni del Comune: &#8220;Da parte del Consiglio riteniamo fondamentale continuare a promuovere attivit\u00e0 che ricordino ai pi\u00f9 piccoli il carattere delle Canarie. I laboratori coprono diversi ambiti che vanno dal nostro folklore con musica e balli agli antichi mezzi di sussistenza come l&#8217;allevamento del bestiame, passando per la tessitura e lo sport con la vela lateen. Questo progetto \u00e8 nato con la speranza che i bambini possano sperimentare queste attivit\u00e0 in pi\u00f9 occasioni nell&#8217;arco di due mesi, in modo da conservare questa esperienza di apprendimento per gli anni a venire.  <\/p>\n<p>Come tocco finale, gli studenti potranno esporre quanto appreso in una fiera il 28 maggio, condividendo tra loro la ricchezza culturale delle Isole.<\/p>\n","protected":false},"excerpt":{"rendered":"<p><span>Il Concistoro promuove le attivit\u00e0 locali delle Isole Canarie durante i mesi di aprile e maggio nell&#8217;ambito della Giornata delle Isole Canarie.<\/span><\/p>\n","protected":false},"author":1,"featured_media":3269,"comment_status":"open","ping_status":"open","sticky":false,"template":"","format":"standard","meta":{"inline_featured_image":false,"jnews-multi-image_gallery":[],"jnews_single_post":[],"jnews_primary_category":[],"jnews_social_meta":[],"jnews_override_counter":[],"jnews_post_split":[],"footnotes":""},"categories":[292],"tags":[309],"class_list":["post-3271","post","type-post","status-publish","format-standard","has-post-thumbnail","hentry","category-la-oliva-it","tag-educacion-it"],"jetpack_featured_media_url":"https:\/\/informacionlocal.es\/wp-content\/uploads\/2025\/05\/5192_13c2c57d.png","_links":{"self":[{"href":"https:\/\/informacionlocal.es\/it\/wp-json\/wp\/v2\/posts\/3271","targetHints":{"allow":["GET"]}}],"collection":[{"href":"https:\/\/informacionlocal.es\/it\/wp-json\/wp\/v2\/posts"}],"about":[{"href":"https:\/\/informacionlocal.es\/it\/wp-json\/wp\/v2\/types\/post"}],"author":[{"embeddable":true,"href":"https:\/\/informacionlocal.es\/it\/wp-json\/wp\/v2\/users\/1"}],"replies":[{"embeddable":true,"href":"https:\/\/informacionlocal.es\/it\/wp-json\/wp\/v2\/comments?post=3271"}],"version-history":[{"count":0,"href":"https:\/\/informacionlocal.es\/it\/wp-json\/wp\/v2\/posts\/3271\/revisions"}],"wp:featuredmedia":[{"embeddable":true,"href":"https:\/\/informacionlocal.es\/it\/wp-json\/wp\/v2\/media\/3269"}],"wp:attachment":[{"href":"https:\/\/informacionlocal.es\/it\/wp-json\/wp\/v2\/media?parent=3271"}],"wp:term":[{"taxonomy":"category","embeddable":true,"href":"https:\/\/informacionlocal.es\/it\/wp-json\/wp\/v2\/categories?post=3271"},{"taxonomy":"post_tag","embeddable":true,"href":"https:\/\/informacionlocal.es\/it\/wp-json\/wp\/v2\/tags?post=3271"}],"curies":[{"name":"wp","href":"https:\/\/api.w.org\/{rel}","templated":true}]}}