{"id":3259,"date":"2025-05-07T21:15:11","date_gmt":"2025-05-07T21:15:11","guid":{"rendered":"https:\/\/informacionlocal.es\/tre-spiagge-di-puerto-del-rosario-rinnovano-il-riconoscimento-della-bandiera-blu\/"},"modified":"2025-05-07T21:15:11","modified_gmt":"2025-05-07T21:15:11","slug":"tre-spiagge-di-puerto-del-rosario-rinnovano-il-riconoscimento-della-bandiera-blu","status":"publish","type":"post","link":"https:\/\/informacionlocal.es\/it\/tre-spiagge-di-puerto-del-rosario-rinnovano-il-riconoscimento-della-bandiera-blu\/","title":{"rendered":"Tre spiagge di Puerto del Rosario rinnovano il riconoscimento della Bandiera Blu"},"content":{"rendered":"<div class=\"entry-content\">\n<p>Il Comune di Puerto del Rosario, attraverso il Dipartimento delle Spiagge, informa di aver riconfermato la Bandiera Blu nel 2025 per tre delle sue spiagge: Playa Blanca, Los Pozos e Puerto Lajas.<\/p>\n<p>Questo marchio europeo, assegnato dall&#8217;Associazione per l&#8217;educazione ambientale e dei consumatori (ADEAC), riconosce la qualit\u00e0 ambientale e i servizi di queste aree balneari.<\/p>\n<p>Playa de Los Pozos ha ricevuto questo premio consecutivamente dal 2015, raggiungendo un decennio di riconoscimenti.<\/p>\n<p>Playa Blanca si distingue dal 2010 e Puerto Lajas dal 2012.<\/p>\n<p>Il sindaco, David de Vera, ha sottolineato che &#8220;questo riconoscimento \u00e8 un simbolo dello sforzo di offrire spazi costieri di alta qualit\u00e0 sia per i residenti che per i turisti&#8221;.<\/p>\n<p>L&#8217;assessore alle Spiagge, To\u00f1i Fdez Arag\u00f3n, ha sottolineato che &#8220;la Bandiera Blu \u00e8 il simbolo pi\u00f9 riconoscibile per gli utenti delle spiagge e dei porti in quasi cinquanta Paesi e uno standard mondiale per il turismo di qualit\u00e0 ecologica&#8221;. <\/p>\n<p>Questo premio viene assegnato ogni anno alle spiagge che soddisfano i criteri di qualit\u00e0 dell&#8217;acqua, sicurezza, accessibilit\u00e0 e sostenibilit\u00e0 ambientale, garantendo agli utenti un&#8217;esperienza sicura e rispettosa dell&#8217;ambiente.<\/p>\n<p>Il Consiglio continua a lavorare per offrire spazi pubblici di qualit\u00e0, dove residenti e visitatori possano godere della nostra natura nelle migliori condizioni e con le infrastrutture appropriate per ogni area.<\/p>\n<\/p>\n<\/div>\n","protected":false},"excerpt":{"rendered":"<p>Il Comune di Puerto del Rosario, attraverso il Dipartimento delle Spiagge, informa di aver riconfermato la Bandiera Blu nel 2025 per tre delle sue spiagge: Playa Blanca, Los Pozos e [&hellip;]<\/p>\n","protected":false},"author":1,"featured_media":3257,"comment_status":"open","ping_status":"open","sticky":false,"template":"","format":"standard","meta":{"inline_featured_image":false,"jnews-multi-image_gallery":[],"jnews_single_post":[],"jnews_primary_category":[],"jnews_social_meta":[],"jnews_override_counter":[],"jnews_post_split":[],"footnotes":""},"categories":[295],"tags":[205],"class_list":["post-3259","post","type-post","status-publish","format-standard","has-post-thumbnail","hentry","category-puerto-del-rosario-it","tag-ambiente"],"jetpack_featured_media_url":"https:\/\/informacionlocal.es\/wp-content\/uploads\/2025\/05\/bandera-titu-azul-25-puesto-salvamento.jpg","_links":{"self":[{"href":"https:\/\/informacionlocal.es\/it\/wp-json\/wp\/v2\/posts\/3259","targetHints":{"allow":["GET"]}}],"collection":[{"href":"https:\/\/informacionlocal.es\/it\/wp-json\/wp\/v2\/posts"}],"about":[{"href":"https:\/\/informacionlocal.es\/it\/wp-json\/wp\/v2\/types\/post"}],"author":[{"embeddable":true,"href":"https:\/\/informacionlocal.es\/it\/wp-json\/wp\/v2\/users\/1"}],"replies":[{"embeddable":true,"href":"https:\/\/informacionlocal.es\/it\/wp-json\/wp\/v2\/comments?post=3259"}],"version-history":[{"count":0,"href":"https:\/\/informacionlocal.es\/it\/wp-json\/wp\/v2\/posts\/3259\/revisions"}],"wp:featuredmedia":[{"embeddable":true,"href":"https:\/\/informacionlocal.es\/it\/wp-json\/wp\/v2\/media\/3257"}],"wp:attachment":[{"href":"https:\/\/informacionlocal.es\/it\/wp-json\/wp\/v2\/media?parent=3259"}],"wp:term":[{"taxonomy":"category","embeddable":true,"href":"https:\/\/informacionlocal.es\/it\/wp-json\/wp\/v2\/categories?post=3259"},{"taxonomy":"post_tag","embeddable":true,"href":"https:\/\/informacionlocal.es\/it\/wp-json\/wp\/v2\/tags?post=3259"}],"curies":[{"name":"wp","href":"https:\/\/api.w.org\/{rel}","templated":true}]}}