{"id":3236,"date":"2025-05-07T11:43:04","date_gmt":"2025-05-07T11:43:04","guid":{"rendered":"https:\/\/informacionlocal.es\/nuova-associazione-di-taxi-nel-comune-caleta-de-fuste-antigua-i\/"},"modified":"2025-05-07T11:43:04","modified_gmt":"2025-05-07T11:43:04","slug":"nuova-associazione-di-taxi-nel-comune-caleta-de-fuste-antigua-i","status":"publish","type":"post","link":"https:\/\/informacionlocal.es\/it\/nuova-associazione-di-taxi-nel-comune-caleta-de-fuste-antigua-i\/","title":{"rendered":"Nuova associazione di taxi nel Comune, Caleta de Fuste Antigua I"},"content":{"rendered":"<div class=\"elementor-widget-container\">\n<p><strong>Nuova associazione di taxi nel Comune, Caleta de Fuste Antigua I<\/strong><\/p>\n<p><strong>&#8211; Con la creazione dell&#8217;Associazione Taxi Caleta de Fuste Antigua I, ci saranno due associazioni che forniscono formalmente e ufficialmente servizi nel comune.<\/strong><\/p>\n<p><strong>&#8211; Gli stessi diritti e gli stessi obblighi per i soci, i proprietari e i conducenti di entrambe le associazioni di taxi, nel rispetto delle esigenze della domanda e dei regolamenti comunali.<\/strong><\/p>\n<p>La nuova Associazione Taxi Caleta de Fuste Antigua I \u00e8 stata presentata al sindaco Mat\u00edas Pe\u00f1a. L&#8217;Associazione si presenta come una nuova associazione, il cui presidente \u00e8 un veterano e un volto noto del settore, come Paco Vera, ha dichiarato il sindaco durante l&#8217;incontro a cui hanno partecipato, tra gli altri assessori, anche il responsabile dei Trasporti, Agust\u00edn G. Rodr\u00edguez, e il vice ispettore capo della Polizia Locale di Antigua, Domingo Fr\u00e1nquiz. <\/p>\n<p>L&#8217;obiettivo principale dell&#8217;Associazione \u00e8 quello di migliorare il servizio di trasporto nel comune, sia alle fermate, sia negli alberghi, sia richiedendo il servizio per telefono o attraverso l&#8217;applicazione online.<\/p>\n<p>Il Municipio di Antigua terr\u00e0 riunioni con le due associazioni ufficiali di taxi del comune per condividere le loro esigenze e garantire la migliore attenzione, risposta e servizio ai clienti e ai vicini che ne hanno bisogno, afferma il sindaco.<\/p>\n<p>Durante la presentazione della nuova associazione, sono stati discussi diversi argomenti, tra cui il Vice Ispettore Capo della Polizia Locale, ha sottolineato i servizi di sorveglianza soprattutto a Caleta de Fuste, il coordinamento con la Guardia Civil che informa delle ultime azioni e degli arresti effettuati, cos\u00ec come l&#8217;ubicazione delle telecamere di sicurezza che aumenteranno il loro numero e la loro presenza nelle stazioni dei taxi, incoraggiando il Vice Ispettore Capo a segnalare, e non solo a notificare, qualsiasi atto criminale che viene osservato per poter agire di conseguenza.<\/p>\n<p>Il fatto che ci siano una o pi\u00f9 associazioni nel Comune non dipende dal Comune di Antigua, e il sindaco conclude che ci incontreremo con tutte quelle che esistono per spingere, con le diverse proposte che vengono fatte, verso lo stesso obiettivo, rafforzare, garantire e migliorare il servizio.<\/p>\n<\/div>\n","protected":false},"excerpt":{"rendered":"<p><strong>Nuova associazione di taxi nel Comune, Caleta de Fuste Antigua I<\/strong><\/p>\n","protected":false},"author":1,"featured_media":3233,"comment_status":"open","ping_status":"open","sticky":false,"template":"","format":"standard","meta":{"inline_featured_image":false,"jnews-multi-image_gallery":[],"jnews_single_post":[],"jnews_primary_category":[],"jnews_social_meta":[],"jnews_override_counter":[],"jnews_post_split":[],"footnotes":""},"categories":[282],"tags":[],"class_list":["post-3236","post","type-post","status-publish","format-standard","has-post-thumbnail","hentry","category-antigua-it"],"jetpack_featured_media_url":"https:\/\/informacionlocal.es\/wp-content\/uploads\/2025\/05\/nueva-asociacion-de-taxis-2-scaled-1.jpg","_links":{"self":[{"href":"https:\/\/informacionlocal.es\/it\/wp-json\/wp\/v2\/posts\/3236","targetHints":{"allow":["GET"]}}],"collection":[{"href":"https:\/\/informacionlocal.es\/it\/wp-json\/wp\/v2\/posts"}],"about":[{"href":"https:\/\/informacionlocal.es\/it\/wp-json\/wp\/v2\/types\/post"}],"author":[{"embeddable":true,"href":"https:\/\/informacionlocal.es\/it\/wp-json\/wp\/v2\/users\/1"}],"replies":[{"embeddable":true,"href":"https:\/\/informacionlocal.es\/it\/wp-json\/wp\/v2\/comments?post=3236"}],"version-history":[{"count":0,"href":"https:\/\/informacionlocal.es\/it\/wp-json\/wp\/v2\/posts\/3236\/revisions"}],"wp:featuredmedia":[{"embeddable":true,"href":"https:\/\/informacionlocal.es\/it\/wp-json\/wp\/v2\/media\/3233"}],"wp:attachment":[{"href":"https:\/\/informacionlocal.es\/it\/wp-json\/wp\/v2\/media?parent=3236"}],"wp:term":[{"taxonomy":"category","embeddable":true,"href":"https:\/\/informacionlocal.es\/it\/wp-json\/wp\/v2\/categories?post=3236"},{"taxonomy":"post_tag","embeddable":true,"href":"https:\/\/informacionlocal.es\/it\/wp-json\/wp\/v2\/tags?post=3236"}],"curies":[{"name":"wp","href":"https:\/\/api.w.org\/{rel}","templated":true}]}}