{"id":3166,"date":"2025-05-06T21:16:27","date_gmt":"2025-05-06T21:16:27","guid":{"rendered":"https:\/\/informacionlocal.es\/la-casa-della-cultura-di-puerto-del-rosario-presenta-la-mostra-proyecto-origen-ambiente-vulcanico-della-nostra-isola\/"},"modified":"2025-05-06T21:16:27","modified_gmt":"2025-05-06T21:16:27","slug":"la-casa-della-cultura-di-puerto-del-rosario-presenta-la-mostra-proyecto-origen-ambiente-vulcanico-della-nostra-isola","status":"publish","type":"post","link":"https:\/\/informacionlocal.es\/it\/la-casa-della-cultura-di-puerto-del-rosario-presenta-la-mostra-proyecto-origen-ambiente-vulcanico-della-nostra-isola\/","title":{"rendered":"La Casa della Cultura di Puerto del Rosario presenta la mostra &#8220;Proyecto Origen. Ambiente vulcanico della nostra isola&#8221;."},"content":{"rendered":"<div class=\"entry-content\">\n<div class=\"xdj266r x11i5rnm xat24cr x1mh8g0r x1vvkbs x126k92a\">\n<div dir=\"auto\">Il Comune di Puerto del Rosario, attraverso l&#8217;Assessorato alla Cultura, informa che nel pomeriggio di marted\u00ec 6 maggio \u00e8 stata inaugurata nella Casa della Cultura di Puerto del Rosario la mostra &#8220;Proyecto Origen. Ambiente vulcanico della nostra isola&#8221;. Una mostra di dipinti degli studenti del Centro de Educaci\u00f3n de Personas Adultas (CEPA) Fuerteventura Norte. <\/div>\n<\/div>\n<div class=\"x11i5rnm xat24cr x1mh8g0r x1vvkbs xtlvy1s x126k92a\">\n<div dir=\"auto\"><span class=\"html-span xexx8yu x4uap5 x18d9i69 xkhd6sd x1hl2dhg x16tdsg8 x1vvkbs x3nfvp2 x1j61x8r x1fcty0u xdj266r xat24cr xgzva0m xhhsvwb xxymvpz xlup9mm x1kky2od\"><img loading=\"lazy\" decoding=\"async\" loading=\"lazy\" class=\"xz74otr x168nmei x13lgxp2 x5pf9jr xo71vjh\" src=\"https:\/\/informacionlocal.es\/wp-content\/uploads\/2025\/05\/1f5e3.png\" alt=\"\ud83d\udde3\" width=\"16\" height=\"16\" title=\"1f5e3\"><\/span>  L&#8217;assessore alla Cultura, Juan Manuel Verdugo, si \u00e8 congratulato con gli studenti e gli insegnanti &#8220;per l&#8217;iniziativa di solidariet\u00e0 delle 19 opere esposte nelle strutture comunali, invitando il pubblico a goderne&#8221;.<\/div>\n<\/div>\n<div class=\"x11i5rnm xat24cr x1mh8g0r x1vvkbs xtlvy1s x126k92a\">\n<div dir=\"auto\"><span class=\"html-span xexx8yu x4uap5 x18d9i69 xkhd6sd x1hl2dhg x16tdsg8 x1vvkbs x3nfvp2 x1j61x8r x1fcty0u xdj266r xat24cr xgzva0m xhhsvwb xxymvpz xlup9mm x1kky2od\"><img loading=\"lazy\" decoding=\"async\" loading=\"lazy\" class=\"xz74otr x168nmei x13lgxp2 x5pf9jr xo71vjh\" src=\"https:\/\/informacionlocal.es\/wp-content\/uploads\/2025\/05\/1f5e3.png\" alt=\"\ud83d\udde3\" width=\"16\" height=\"16\" title=\"1f5e3\"><\/span>  L&#8217;insegnante del CEPA, Aldaia Argandona, &#8220;ha ringraziato gli studenti per il loro coinvolgimento nell&#8217;attivit\u00e0 e per essere riusciti a realizzare questa fantastica iniziativa, insieme all&#8217;impegno del team di gestione della scuola, poich\u00e9 il denaro raccolto dalla vendita di queste opere sar\u00e0 devoluto all&#8217;Associazione spagnola contro il cancro&#8221;.<\/div>\n<\/div>\n<div class=\"x11i5rnm xat24cr x1mh8g0r x1vvkbs xtlvy1s x126k92a\">\n<div dir=\"auto\"><span class=\"html-span xexx8yu x4uap5 x18d9i69 xkhd6sd x1hl2dhg x16tdsg8 x1vvkbs x3nfvp2 x1j61x8r x1fcty0u xdj266r xat24cr xgzva0m xhhsvwb xxymvpz xlup9mm x1kky2od\"><img loading=\"lazy\" decoding=\"async\" loading=\"lazy\" class=\"xz74otr x168nmei x13lgxp2 x5pf9jr xo71vjh\" src=\"https:\/\/informacionlocal.es\/wp-content\/uploads\/2025\/05\/1f5e3.png\" alt=\"\ud83d\udde3\" width=\"16\" height=\"16\" title=\"1f5e3\"><\/span>  Per l&#8217;Asociaci\u00f3n Fuerteventura Contra el C\u00e1ncer, la sua presidente, Isabel Lauricica, ha ringraziato &#8220;per l&#8217;affetto e la solidariet\u00e0 di insegnanti e studenti nel sostenere la lotta contro il cancro attraverso l&#8217;arte e la cultura&#8221;.<\/div>\n<\/div>\n<div class=\"x11i5rnm xat24cr x1mh8g0r x1vvkbs xtlvy1s x126k92a\">\n<div dir=\"auto\"><span class=\"html-span xexx8yu x4uap5 x18d9i69 xkhd6sd x1hl2dhg x16tdsg8 x1vvkbs x3nfvp2 x1j61x8r x1fcty0u xdj266r xat24cr xgzva0m xhhsvwb xxymvpz xlup9mm x1kky2od\"><img loading=\"lazy\" decoding=\"async\" loading=\"lazy\" class=\"xz74otr x168nmei x13lgxp2 x5pf9jr xo71vjh\" src=\"https:\/\/informacionlocal.es\/wp-content\/uploads\/2025\/05\/1f4c6.png\" alt=\"\ud83d\udcc6\" width=\"16\" height=\"16\" title=\"1f4c6\"><\/span>La mostra \u00e8 aperta dal 6 al 30 maggio.<\/div>\n<div dir=\"auto\"><span class=\"html-span xexx8yu x4uap5 x18d9i69 xkhd6sd x1hl2dhg x16tdsg8 x1vvkbs x3nfvp2 x1j61x8r x1fcty0u xdj266r xat24cr xgzva0m xhhsvwb xxymvpz xlup9mm x1kky2od\"><img loading=\"lazy\" decoding=\"async\" loading=\"lazy\" class=\"xz74otr x168nmei x13lgxp2 x5pf9jr xo71vjh\" src=\"https:\/\/informacionlocal.es\/wp-content\/uploads\/2025\/05\/1f4cd.png\" alt=\"\ud83d\udccd\" width=\"16\" height=\"16\" title=\"1f4cd\"><\/span>  Sede: Casa della Cultura.<\/div>\n<div dir=\"auto\">C\/ Ramiro de Maeztu, 2. Di fronte alla Biblioteca Comunale. <\/div>\n<\/div>\n<div class=\"x11i5rnm xat24cr x1mh8g0r x1vvkbs xtlvy1s x126k92a\">\n<div dir=\"auto\"><span class=\"html-span xexx8yu x4uap5 x18d9i69 xkhd6sd x1hl2dhg x16tdsg8 x1vvkbs x3nfvp2 x1j61x8r x1fcty0u xdj266r xat24cr xgzva0m xhhsvwb xxymvpz xlup9mm x1kky2od\"><img loading=\"lazy\" decoding=\"async\" loading=\"lazy\" class=\"xz74otr x168nmei x13lgxp2 x5pf9jr xo71vjh\" src=\"https:\/\/informacionlocal.es\/wp-content\/uploads\/2025\/05\/23f0.png\" alt=\"\u23f0\" width=\"16\" height=\"16\" title=\"23f0\"><\/span>  Orari della mostra: dal luned\u00ec al venerd\u00ec dalle 10.00 alle 13.00 e dalle 17.00 alle 20.00.<\/div>\n<div dir=\"auto\"><span class=\"html-span xexx8yu x4uap5 x18d9i69 xkhd6sd x1hl2dhg x16tdsg8 x1vvkbs x3nfvp2 x1j61x8r x1fcty0u xdj266r xat24cr xgzva0m xhhsvwb xxymvpz xlup9mm x1kky2od\"><img loading=\"lazy\" decoding=\"async\" loading=\"lazy\" class=\"xz74otr x168nmei x13lgxp2 x5pf9jr xo71vjh\" src=\"https:\/\/informacionlocal.es\/wp-content\/uploads\/2025\/05\/1f381.png\" alt=\"\ud83c\udf81\" width=\"16\" height=\"16\" title=\"1f381\"><\/span>  INGRESSO GRATUITO<\/div>\n<\/div>\n<\/div>\n","protected":false},"excerpt":{"rendered":"<p>Il Comune di Puerto del Rosario, attraverso l&#8217;Assessorato alla Cultura, informa che nel pomeriggio di marted\u00ec 6 maggio \u00e8 stata inaugurata nella Casa della Cultura di Puerto del Rosario la [&hellip;]<\/p>\n","protected":false},"author":1,"featured_media":3141,"comment_status":"open","ping_status":"open","sticky":false,"template":"","format":"standard","meta":{"inline_featured_image":false,"jnews-multi-image_gallery":[],"jnews_single_post":[],"jnews_primary_category":[],"jnews_social_meta":[],"jnews_override_counter":[],"jnews_post_split":[],"footnotes":""},"categories":[295],"tags":[309,223],"class_list":["post-3166","post","type-post","status-publish","format-standard","has-post-thumbnail","hentry","category-puerto-del-rosario-it","tag-educacion-it","tag-fuerteventura-it"],"jetpack_featured_media_url":"https:\/\/informacionlocal.es\/wp-content\/uploads\/2025\/05\/proyecto-titu-origen-autoridades.jpg","_links":{"self":[{"href":"https:\/\/informacionlocal.es\/it\/wp-json\/wp\/v2\/posts\/3166","targetHints":{"allow":["GET"]}}],"collection":[{"href":"https:\/\/informacionlocal.es\/it\/wp-json\/wp\/v2\/posts"}],"about":[{"href":"https:\/\/informacionlocal.es\/it\/wp-json\/wp\/v2\/types\/post"}],"author":[{"embeddable":true,"href":"https:\/\/informacionlocal.es\/it\/wp-json\/wp\/v2\/users\/1"}],"replies":[{"embeddable":true,"href":"https:\/\/informacionlocal.es\/it\/wp-json\/wp\/v2\/comments?post=3166"}],"version-history":[{"count":0,"href":"https:\/\/informacionlocal.es\/it\/wp-json\/wp\/v2\/posts\/3166\/revisions"}],"wp:featuredmedia":[{"embeddable":true,"href":"https:\/\/informacionlocal.es\/it\/wp-json\/wp\/v2\/media\/3141"}],"wp:attachment":[{"href":"https:\/\/informacionlocal.es\/it\/wp-json\/wp\/v2\/media?parent=3166"}],"wp:term":[{"taxonomy":"category","embeddable":true,"href":"https:\/\/informacionlocal.es\/it\/wp-json\/wp\/v2\/categories?post=3166"},{"taxonomy":"post_tag","embeddable":true,"href":"https:\/\/informacionlocal.es\/it\/wp-json\/wp\/v2\/tags?post=3166"}],"curies":[{"name":"wp","href":"https:\/\/api.w.org\/{rel}","templated":true}]}}