{"id":3107,"date":"2025-05-06T10:38:21","date_gmt":"2025-05-06T10:38:21","guid":{"rendered":"https:\/\/informacionlocal.es\/la-chiesa-di-nostra-signora-di-la-antigua-ha-ospitato-i-solenni-e-stretti-funerali-di-sua-santita-papa-francesco\/"},"modified":"2025-05-06T10:38:21","modified_gmt":"2025-05-06T10:38:21","slug":"la-chiesa-di-nostra-signora-di-la-antigua-ha-ospitato-i-solenni-e-stretti-funerali-di-sua-santita-papa-francesco","status":"publish","type":"post","link":"https:\/\/informacionlocal.es\/it\/la-chiesa-di-nostra-signora-di-la-antigua-ha-ospitato-i-solenni-e-stretti-funerali-di-sua-santita-papa-francesco\/","title":{"rendered":"La Chiesa di Nostra Signora di La Antigua ha ospitato i solenni e stretti funerali di Sua Santit\u00e0 Papa Francesco."},"content":{"rendered":"<div class=\"elementor-widget-container\">\n<p><strong>La Chiesa di Nostra Signora di La Antigua ha ospitato i solenni e stretti funerali di Sua Santit\u00e0 Papa Francesco.<\/strong><\/p>\n<p><strong>&#8211; Silenzio, preghiera e rispetto in una significativa Eucaristia presieduta dal Vescovo della Diocesi delle Isole Canarie.  <\/strong><br \/><strong>&#8211; Il sindaco, Mat\u00edas Pe\u00f1a, ringrazia la Diocesi delle Canarie per aver scelto la Chiesa di Nuestra Se\u00f1ora de La Antigua per celebrare i funerali di Papa Francesco.<\/strong><\/p>\n<p>La Chiesa di Nostra Signora di La Antigua ha celebrato la messa funebre di S.S. Papa Francesco, con il vescovo della diocesi delle Isole Canarie, D. Jos\u00e9 Mazuelos P\u00e9rez, che ha presieduto la cerimonia, insieme all&#8217;arcidiocesi di Fuerteventura.<\/p>\n<p>Il sindaco, Mat\u00edas Pe\u00f1a, ha ringraziato la Diocesi delle Canarie per aver scelto la Chiesa di Nuestra Se\u00f1ora de La Antigua per celebrare i funerali di Papa Francesco.<\/p>\n<p>Solennit\u00e0 e silenzio in una chiesa che, oltre ai soliti banchi, aveva le sedie necessarie per ospitare tutti i partecipanti a un&#8217;Eucaristia semplice e amichevole a cui hanno partecipato il Presidente del Cabildo di Fuerteventura, il sindaco ospitante, Mat\u00edas Pe\u00f1a, il delegato del governo, Mar\u00eda Jes\u00fas De la Cruz, i sindaci di Betancuria, Enrice Cerde\u00f1a, di Puerto del Rosario, David De Vera, il sindaco accidentale di P\u00e1jara, Alexis Alonso, la sindaca di Tuineje, Candelaria Umpierrez, tra gli altri rappresentanti, consiglieri, assessori e deputati, insieme ai principali rappresentanti delle Forze di Sicurezza di Fuerteventura.<\/p>\n<p>Il sindaco, Mat\u00edas Pe\u00f1a, insieme al parroco di Antigua, Heriberto Mart\u00edn Molina, ha dato il benvenuto al Vescovo delle Canarie, che durante la funzione ha ringraziato la collaborazione del Comune di Antigua, dei volontari della parrocchia, del gruppo di canto e dei media come Puerto Radio, Dunas Fm o TV Canaria, che hanno dato copertura o trasmesso in diretta questa speciale e significativa Eucaristia.<\/p>\n<\/p>\n<\/div>\n","protected":false},"excerpt":{"rendered":"<p><strong>La Chiesa di Nostra Signora di La Antigua ha ospitato i solenni e stretti funerali di Sua Santit\u00e0 Papa Francesco.<\/strong><\/p>\n","protected":false},"author":1,"featured_media":3105,"comment_status":"open","ping_status":"open","sticky":false,"template":"","format":"standard","meta":{"inline_featured_image":false,"jnews-multi-image_gallery":[],"jnews_single_post":[],"jnews_primary_category":[],"jnews_social_meta":[],"jnews_override_counter":[],"jnews_post_split":[],"footnotes":""},"categories":[282],"tags":[223],"class_list":["post-3107","post","type-post","status-publish","format-standard","has-post-thumbnail","hentry","category-antigua-it","tag-fuerteventura-it"],"jetpack_featured_media_url":"https:\/\/informacionlocal.es\/wp-content\/uploads\/2025\/05\/funeral-de-fuerteventura-a-ss-el-papa-celebrado-en-antigua-1.jpg","_links":{"self":[{"href":"https:\/\/informacionlocal.es\/it\/wp-json\/wp\/v2\/posts\/3107","targetHints":{"allow":["GET"]}}],"collection":[{"href":"https:\/\/informacionlocal.es\/it\/wp-json\/wp\/v2\/posts"}],"about":[{"href":"https:\/\/informacionlocal.es\/it\/wp-json\/wp\/v2\/types\/post"}],"author":[{"embeddable":true,"href":"https:\/\/informacionlocal.es\/it\/wp-json\/wp\/v2\/users\/1"}],"replies":[{"embeddable":true,"href":"https:\/\/informacionlocal.es\/it\/wp-json\/wp\/v2\/comments?post=3107"}],"version-history":[{"count":0,"href":"https:\/\/informacionlocal.es\/it\/wp-json\/wp\/v2\/posts\/3107\/revisions"}],"wp:featuredmedia":[{"embeddable":true,"href":"https:\/\/informacionlocal.es\/it\/wp-json\/wp\/v2\/media\/3105"}],"wp:attachment":[{"href":"https:\/\/informacionlocal.es\/it\/wp-json\/wp\/v2\/media?parent=3107"}],"wp:term":[{"taxonomy":"category","embeddable":true,"href":"https:\/\/informacionlocal.es\/it\/wp-json\/wp\/v2\/categories?post=3107"},{"taxonomy":"post_tag","embeddable":true,"href":"https:\/\/informacionlocal.es\/it\/wp-json\/wp\/v2\/tags?post=3107"}],"curies":[{"name":"wp","href":"https:\/\/api.w.org\/{rel}","templated":true}]}}