{"id":3085,"date":"2025-05-05T14:10:02","date_gmt":"2025-05-05T14:10:02","guid":{"rendered":"https:\/\/informacionlocal.es\/il-comune-di-puerto-del-rosario-crea-ununita-tecnica-specializzata-per-attrarre-fondi-europei\/"},"modified":"2025-05-05T14:10:02","modified_gmt":"2025-05-05T14:10:02","slug":"il-comune-di-puerto-del-rosario-crea-ununita-tecnica-specializzata-per-attrarre-fondi-europei","status":"publish","type":"post","link":"https:\/\/informacionlocal.es\/it\/il-comune-di-puerto-del-rosario-crea-ununita-tecnica-specializzata-per-attrarre-fondi-europei\/","title":{"rendered":"Il Comune di Puerto del Rosario crea un&#8217;unit\u00e0 tecnica specializzata per attrarre fondi europei."},"content":{"rendered":"<div class=\"entry-content\">\n<p>Il Comune di Puerto del Rosario ha istituito una nuova <strong>Unit\u00e0 per i Fondi Europei<\/strong> con l&#8217;obiettivo di rafforzare la sua capacit\u00e0 di attrarre finanziamenti dall&#8217;UE e di sviluppare progetti strategici che promuovano lo sviluppo del comune in settori chiave come la connettivit\u00e0, la sostenibilit\u00e0, la modernizzazione amministrativa e la coesione sociale.<\/p>\n<p>L&#8217;iniziativa, approvata nell&#8217;ambito del bilancio comunale 2025, ha un budget iniziale di <strong>88.000 euro<\/strong> e rientra nell&#8217;impegno del gruppo di governo di trasformare il modello di citt\u00e0 attraverso una <strong>pianificazione strategica e sfruttando le opportunit\u00e0 europee<\/strong>.<\/p>\n<p>La nuova unit\u00e0 \u00e8 costituita da un team multidisciplinare composto da: un <strong>tecnico A2<\/strong> a tempo pieno specializzato nella pianificazione dei progetti, un <strong>tecnico A1<\/strong> part-time con profilo legale e un <strong>supporto amministrativo<\/strong>.<\/p>\n<p>Il sindaco di Puerto del Rosario, <strong>David de Vera<\/strong>, ha spiegato che &#8220;.<em>Questa unit\u00e0 nasce con una vocazione trasversale. Non solo centralizzer\u00e0 la rilevazione dei bandi, ma fornir\u00e0 anche un supporto tecnico a tutti i dipartimenti per stabilire le priorit\u00e0 e progettare proposte che rispondano alle reali esigenze del Comune&#8221;. <\/em>. Ha aggiunto che <em>&#8220;attrarre fondi europei \u00e8 oggi uno strumento essenziale per progredire verso una municipalit\u00e0 pi\u00f9 innovativa, coesa e sostenibile&#8221;.<\/em><\/p>\n<p><strong>Primi progetti strategici<\/strong><\/p>\n<p><strong> <\/strong>Il primo ordine gestito da questa unit\u00e0 \u00e8 stato assegnato all&#8217;<strong>Associazione delle Telecomunicazioni delle Isole Canarie (TELECO)<\/strong> e prevede l&#8217;<strong>implementazione della fibra ottica nelle aree rurali e scarsamente popolate<\/strong> della municipalit\u00e0. La prima valutazione economica ammonta a <strong>5,3 milioni di euro<\/strong> ed \u00e8 in fase di revisione per essere presentata a futuri bandi di finanziamento dell&#8217;UE. <\/p>\n<p>Inoltre, il Consiglio sta gi\u00e0 lavorando per identificare altre linee prioritarie che potrebbero essere cofinanziate con fondi europei, tra cui:<\/p>\n<ul>\n<li><strong>Digitalizzazione dei servizi comunali<\/strong>.<\/li>\n<li>Progetti di <strong>efficienza energetica e di illuminazione pubblica<\/strong>.<\/li>\n<li><strong>Economia circolare<\/strong> e trattamento dei rifiuti.<\/li>\n<li>Azioni per l&#8217;<strong>inclusione sociale e i lavori verdi<\/strong>.<\/li>\n<\/ul>\n<p><strong>Coordinamento e pianificazione per area<\/strong><\/p>\n<p><strong> <\/strong>Ogni dipartimento ha iniziato a definire i propri progetti strategici, che saranno incanalati attraverso questo nuovo ufficio per la stesura di relazioni tecniche, studi di fattibilit\u00e0, calendari e budget in conformit\u00e0 con i requisiti dei vari programmi europei.<\/p>\n<p>Il Comune sottolinea l&#8217;importanza di questa nuova struttura amministrativa come <strong>strumento di pianificazione a medio e lungo termine<\/strong>, che permetter\u00e0 a Puerto del Rosario di posizionarsi in condizioni vantaggiose per i futuri bandi della <strong>Next Generation EU<\/strong>, del <strong>FESR<\/strong> o del <strong>Fondo Sociale Europeo Plus<\/strong>, tra gli altri.<\/p>\n<\/div>\n","protected":false},"excerpt":{"rendered":"<p>Il Comune di Puerto del Rosario ha istituito una nuova Unit\u00e0 per i Fondi Europei con l&#8217;obiettivo di rafforzare la sua capacit\u00e0 di attrarre finanziamenti dall&#8217;UE e di sviluppare progetti [&hellip;]<\/p>\n","protected":false},"author":1,"featured_media":3081,"comment_status":"open","ping_status":"open","sticky":false,"template":"","format":"standard","meta":{"inline_featured_image":false,"jnews-multi-image_gallery":[],"jnews_single_post":[],"jnews_primary_category":[],"jnews_social_meta":[],"jnews_override_counter":[],"jnews_post_split":[],"footnotes":""},"categories":[295],"tags":[333,235,227],"class_list":["post-3085","post","type-post","status-publish","format-standard","has-post-thumbnail","hentry","category-puerto-del-rosario-it","tag-fondi-europei","tag-inviti-a-presentare-candidature","tag-sostenibilita"],"jetpack_featured_media_url":"https:\/\/informacionlocal.es\/wp-content\/uploads\/2025\/05\/fachada-ue-titu-ayuntamiento-2.jpg","_links":{"self":[{"href":"https:\/\/informacionlocal.es\/it\/wp-json\/wp\/v2\/posts\/3085","targetHints":{"allow":["GET"]}}],"collection":[{"href":"https:\/\/informacionlocal.es\/it\/wp-json\/wp\/v2\/posts"}],"about":[{"href":"https:\/\/informacionlocal.es\/it\/wp-json\/wp\/v2\/types\/post"}],"author":[{"embeddable":true,"href":"https:\/\/informacionlocal.es\/it\/wp-json\/wp\/v2\/users\/1"}],"replies":[{"embeddable":true,"href":"https:\/\/informacionlocal.es\/it\/wp-json\/wp\/v2\/comments?post=3085"}],"version-history":[{"count":0,"href":"https:\/\/informacionlocal.es\/it\/wp-json\/wp\/v2\/posts\/3085\/revisions"}],"wp:featuredmedia":[{"embeddable":true,"href":"https:\/\/informacionlocal.es\/it\/wp-json\/wp\/v2\/media\/3081"}],"wp:attachment":[{"href":"https:\/\/informacionlocal.es\/it\/wp-json\/wp\/v2\/media?parent=3085"}],"wp:term":[{"taxonomy":"category","embeddable":true,"href":"https:\/\/informacionlocal.es\/it\/wp-json\/wp\/v2\/categories?post=3085"},{"taxonomy":"post_tag","embeddable":true,"href":"https:\/\/informacionlocal.es\/it\/wp-json\/wp\/v2\/tags?post=3085"}],"curies":[{"name":"wp","href":"https:\/\/api.w.org\/{rel}","templated":true}]}}