{"id":3062,"date":"2025-05-05T10:59:49","date_gmt":"2025-05-05T10:59:49","guid":{"rendered":"https:\/\/informacionlocal.es\/piu-di-200-abitanti-della-zona-partecipano-al-pellegrinaggio-del-triquivijate\/"},"modified":"2025-05-05T10:59:49","modified_gmt":"2025-05-05T10:59:49","slug":"piu-di-200-abitanti-della-zona-partecipano-al-pellegrinaggio-del-triquivijate","status":"publish","type":"post","link":"https:\/\/informacionlocal.es\/it\/piu-di-200-abitanti-della-zona-partecipano-al-pellegrinaggio-del-triquivijate\/","title":{"rendered":"Pi\u00f9 di 200 abitanti della zona partecipano al pellegrinaggio del Triquivijate"},"content":{"rendered":"<div class=\"elementor-widget-container\">\n<p><strong>Pi\u00f9 di 200 abitanti della zona partecipano al pellegrinaggio del Triquivijate<\/strong><\/p>\n<p><strong>&#8211; Pellegrinaggio colorato per le Feste di Triquivijate con otto carri e 200 pellegrini.<\/strong><\/p>\n<p><strong>&#8211; Il gruppo Mejor con Copas d\u00e0 il via ai concerti e ai balli all&#8217;aperto del fine settimana.<\/strong><\/p>\n<p>Le Feste in onore di San Isidro Labrador e Santa Mar\u00eda de La Cabeza, che si celebrano fino a gioved\u00ec 15 maggio a Triquivijate, hanno celebrato questo fine settimana la Romer\u00eda con 200 persone e otto carri pieni di fiori e striscioni, che sono stati accolti nella piazza principale, Plaza Maca, dal maestro.<\/p>\n<p>L&#8217;Assessore alle Feste, Pedro Armas, si congratula con la Commissione Festeggiamenti per essere stata coinvolta in ogni dettaglio e per aver coordinato i tornei, le grigliate e i giochi che si svolgono durante questa settimana.<\/p>\n<p>Venerd\u00ec 9 maggio, la festa per i bambini inizia alle 17:00, seguita da uno spettacolo musicale del gruppo Mejor con Copas, seguito dalla verbena con Gente Nueva e Nuevo Klan. La prossima Gran Verbena, dice il consigliere Pedro Armas, sar\u00e0 sabato sera con il Grupo Bomba y su Orquesta di Fuerteventura, seguito dal Grupo Arena di Gran Canaria e dall&#8217;Orquesta Banda Nueva di Lanzarote. <\/p>\n<p>Il Comune di Antigua, a partire dai diversi dipartimenti, organizza eventi e appuntamenti popolari in ogni villaggio e citt\u00e0, spiega il sindaco, Mat\u00edas Pe\u00f1a, e questo fine settimana \u00e8 la volta di Triquivijate che celebra i suoi festeggiamenti patronali fino al 15 maggio, giorno principale in cui si celebra la funzione religiosa alle ore 19:00, seguita dalla Processione in onore di Santa Mar\u00eda de La Cabeza e San Isidro Labrador con esibizioni della rondalla del Centro de Mayores de Antigua, della parranda Juan Pe\u00f1a e del D\u00fao de Voces, Antonio y Loly.<\/p>\n<\/div>\n","protected":false},"excerpt":{"rendered":"<p><strong>Pi\u00f9 di 200 abitanti della zona partecipano al pellegrinaggio del Triquivijate<\/strong><\/p>\n","protected":false},"author":1,"featured_media":3057,"comment_status":"open","ping_status":"open","sticky":false,"template":"","format":"standard","meta":{"inline_featured_image":false,"jnews-multi-image_gallery":[],"jnews_single_post":[],"jnews_primary_category":[],"jnews_social_meta":[],"jnews_override_counter":[],"jnews_post_split":[],"footnotes":""},"categories":[282],"tags":[308,223],"class_list":["post-3062","post","type-post","status-publish","format-standard","has-post-thumbnail","hentry","category-antigua-it","tag-eventos-it","tag-fuerteventura-it"],"jetpack_featured_media_url":"https:\/\/informacionlocal.es\/wp-content\/uploads\/2025\/05\/exito-romeria-triquivijate-2025-3.jpg","_links":{"self":[{"href":"https:\/\/informacionlocal.es\/it\/wp-json\/wp\/v2\/posts\/3062","targetHints":{"allow":["GET"]}}],"collection":[{"href":"https:\/\/informacionlocal.es\/it\/wp-json\/wp\/v2\/posts"}],"about":[{"href":"https:\/\/informacionlocal.es\/it\/wp-json\/wp\/v2\/types\/post"}],"author":[{"embeddable":true,"href":"https:\/\/informacionlocal.es\/it\/wp-json\/wp\/v2\/users\/1"}],"replies":[{"embeddable":true,"href":"https:\/\/informacionlocal.es\/it\/wp-json\/wp\/v2\/comments?post=3062"}],"version-history":[{"count":0,"href":"https:\/\/informacionlocal.es\/it\/wp-json\/wp\/v2\/posts\/3062\/revisions"}],"wp:featuredmedia":[{"embeddable":true,"href":"https:\/\/informacionlocal.es\/it\/wp-json\/wp\/v2\/media\/3057"}],"wp:attachment":[{"href":"https:\/\/informacionlocal.es\/it\/wp-json\/wp\/v2\/media?parent=3062"}],"wp:term":[{"taxonomy":"category","embeddable":true,"href":"https:\/\/informacionlocal.es\/it\/wp-json\/wp\/v2\/categories?post=3062"},{"taxonomy":"post_tag","embeddable":true,"href":"https:\/\/informacionlocal.es\/it\/wp-json\/wp\/v2\/tags?post=3062"}],"curies":[{"name":"wp","href":"https:\/\/api.w.org\/{rel}","templated":true}]}}