{"id":3049,"date":"2025-05-05T09:54:13","date_gmt":"2025-05-05T09:54:13","guid":{"rendered":"https:\/\/informacionlocal.es\/la-fiera-dellartigianato-dellisola-di-antigua-da-la-graciosa-a-tenerife-e-un-punto-di-riferimento-per-vendite-pubblico-e-tradizione\/"},"modified":"2025-05-05T09:54:13","modified_gmt":"2025-05-05T09:54:13","slug":"la-fiera-dellartigianato-dellisola-di-antigua-da-la-graciosa-a-tenerife-e-un-punto-di-riferimento-per-vendite-pubblico-e-tradizione","status":"publish","type":"post","link":"https:\/\/informacionlocal.es\/it\/la-fiera-dellartigianato-dellisola-di-antigua-da-la-graciosa-a-tenerife-e-un-punto-di-riferimento-per-vendite-pubblico-e-tradizione\/","title":{"rendered":"La Fiera dell&#8217;Artigianato dell&#8217;Isola di Antigua, da La Graciosa a Tenerife, \u00e8 un punto di riferimento per vendite, pubblico e tradizione."},"content":{"rendered":"<div class=\"elementor-widget-container\">\n<p><strong>La Fiera dell&#8217;Artigianato dell&#8217;Isola di Antigua, da La Graciosa a Tenerife, \u00e8 un punto di riferimento per vendite, pubblico e tradizione.<\/strong><\/p>\n<p><strong>&#8211; Orgogliosi di questa Fiera dell&#8217;Artigianato Insulare e grati per gli sforzi di un team di persone che si impegnano per il suo buon funzionamento ogni ora di ogni giorno&#8221;, afferma il sindaco di Antigua, Mat\u00edas Pe\u00f1a.<\/strong><br \/><strong>&#8211; L&#8217;investimento finale della XXXVI Feria Insular de Artesan\u00eda ammonta a 300.000 euro, di cui il 70% \u00e8 finanziato dall&#8217;Ayuntamiento de Antigua.<\/strong><\/p>\n<p>Mi sembra chiaro, dice il sindaco di Antigua, Mat\u00edas Pe\u00f1a, che il successo di questa 36\u00aa Fiera dell&#8217;Artigianato dell&#8217;Isola, con pi\u00f9 di 20.000 presenze e un livello significativo di vendite degli artigiani, oltre ai benefici ottenuti nei servizi, nei negozi e negli alberghi o alla promozione del comune e dell&#8217;isola nei media nazionali e internazionali o nelle reti sociali, \u00e8 il risultato di un team di persone impegnate nel suo sviluppo ogni ora di ogni giorno.<\/p>\n<p>Una fiera dell&#8217;artigianato insulare con un costo di 300.000 euro.300.000 euro, il 70% dei quali finanziati dal Comune di Antigua, che fornisce i servizi tecnici di Segreteria, Legale e Intervento, mettendo a disposizione gli operai per il montaggio degli stand, dei tendoni e l&#8217;allestimento delle aree di sosta, dei servizi e delle toilette, e aggiunge il sindaco, una squadra enorme a cui si aggiunge la sicurezza e la prevenzione coordinata dal Vice Ispettore Capo della Polizia Locale di Antigua con la capitaneria della Guardia Civil, i Vigili del Fuoco di Fuerteventura, l&#8217;Ambulanza, la Croce Rossa e la pi\u00f9 grande squadra di sicurezza notturna che abbiamo mai avuto.<\/p>\n<p>Dalle squadre di pulizia all&#8217;elettricista, non voglio tralasciare nessuno di loro, cos\u00ec come i volontari del Colectivo Mafasca, presieduto da Nereida Brito, ma voglio sottolineare soprattutto il lavoro di Paqui Jord\u00e1n e Marga De Vera prima e durante la Fiera.<\/p>\n<p>Naturalmente, il giovane assessore alla Cultura, Jonathan Pe\u00f1a, con idee chiare e proposte decise, cos\u00ec come la collaborazione del Cabildo di Fuerteventura, ma soprattutto e con molto affetto, conclude il sindaco, Mat\u00edas Pe\u00f1a, agli artigiani e alle artigiane partecipanti che dimostrano sempre vicinanza e grande qualit\u00e0 del lavoro.<\/p>\n<p>Grazie a tutti voi per essere parte di una fiera che \u00e8 un punto di riferimento per l&#8217;artigianato, la tradizione e la qualit\u00e0&#8221;, aggiunge il sindaco di Antigua.<\/p>\n<\/div>\n","protected":false},"excerpt":{"rendered":"<p><strong>La Fiera dell&#8217;Artigianato dell&#8217;Isola di Antigua, da La Graciosa a Tenerife, \u00e8 un punto di riferimento per vendite, pubblico e tradizione.<\/strong><\/p>\n","protected":false},"author":1,"featured_media":3045,"comment_status":"open","ping_status":"open","sticky":false,"template":"","format":"standard","meta":{"inline_featured_image":false,"jnews-multi-image_gallery":[],"jnews_single_post":[],"jnews_primary_category":[],"jnews_social_meta":[],"jnews_override_counter":[],"jnews_post_split":[],"footnotes":""},"categories":[282],"tags":[223],"class_list":["post-3049","post","type-post","status-publish","format-standard","has-post-thumbnail","hentry","category-antigua-it","tag-fuerteventura-it"],"jetpack_featured_media_url":"https:\/\/informacionlocal.es\/wp-content\/uploads\/2025\/05\/alcalde-y-concejal-con-la-tecnica-y-voluntaria-mafasca.jpg","_links":{"self":[{"href":"https:\/\/informacionlocal.es\/it\/wp-json\/wp\/v2\/posts\/3049","targetHints":{"allow":["GET"]}}],"collection":[{"href":"https:\/\/informacionlocal.es\/it\/wp-json\/wp\/v2\/posts"}],"about":[{"href":"https:\/\/informacionlocal.es\/it\/wp-json\/wp\/v2\/types\/post"}],"author":[{"embeddable":true,"href":"https:\/\/informacionlocal.es\/it\/wp-json\/wp\/v2\/users\/1"}],"replies":[{"embeddable":true,"href":"https:\/\/informacionlocal.es\/it\/wp-json\/wp\/v2\/comments?post=3049"}],"version-history":[{"count":0,"href":"https:\/\/informacionlocal.es\/it\/wp-json\/wp\/v2\/posts\/3049\/revisions"}],"wp:featuredmedia":[{"embeddable":true,"href":"https:\/\/informacionlocal.es\/it\/wp-json\/wp\/v2\/media\/3045"}],"wp:attachment":[{"href":"https:\/\/informacionlocal.es\/it\/wp-json\/wp\/v2\/media?parent=3049"}],"wp:term":[{"taxonomy":"category","embeddable":true,"href":"https:\/\/informacionlocal.es\/it\/wp-json\/wp\/v2\/categories?post=3049"},{"taxonomy":"post_tag","embeddable":true,"href":"https:\/\/informacionlocal.es\/it\/wp-json\/wp\/v2\/tags?post=3049"}],"curies":[{"name":"wp","href":"https:\/\/api.w.org\/{rel}","templated":true}]}}