{"id":3025,"date":"2025-05-04T18:28:58","date_gmt":"2025-05-04T18:28:58","guid":{"rendered":"https:\/\/informacionlocal.es\/tuineje-presenta-lagenda-dello-sport-per-la-settimana-dal-21-al-27-aprile-2025\/"},"modified":"2025-05-04T18:28:58","modified_gmt":"2025-05-04T18:28:58","slug":"tuineje-presenta-lagenda-dello-sport-per-la-settimana-dal-21-al-27-aprile-2025","status":"publish","type":"post","link":"https:\/\/informacionlocal.es\/it\/tuineje-presenta-lagenda-dello-sport-per-la-settimana-dal-21-al-27-aprile-2025\/","title":{"rendered":"Tuineje presenta l&#8217;Agenda dello Sport per la settimana dal 21 al 27 aprile 2025"},"content":{"rendered":"<div class=\"article-content-inner\">\n<p>Il Dipartimento dello Sport del Comune di Tuineje ha pubblicato il programma sportivo per la settimana dal 21 al 27 aprile. Un calendario ricco di competizioni che si svolgeranno in diverse localit\u00e0 del comune, evidenziando la partecipazione delle squadre locali in discipline come il calcio, il calcio indoor e la palla canaria. <\/p>\n<p>Il campo di calcio del Gran Tarajal ospiter\u00e0 gran parte dell&#8217;attivit\u00e0, tra cui partite di calcio amatoriale a 7, calcio a 11 per bambini e cadetti, nonch\u00e9 partite di calcio a 8 delle categorie Benjam\u00edn e Alev\u00edn. Tra gli incontri pi\u00f9 attesi, la partita di calcio indoor senior tra CD Isla Larga e Basilea, che si terr\u00e0 sabato 26 alle 17:00 nel Centro Sportivo Gran Tarajal. <\/p>\n<p>Anche altre localit\u00e0 del comune come Tiscamanita, Las Playitas e Tuineje saranno teatro di un&#8217;intensa attivit\u00e0 sportiva. A Las Playitas si terranno diverse partite delle categorie di base del CD Bre\u00f1amen, tra cui la partita di calcio a 11 femminile contro la squadra di Casa Pastores domenica 27 alle 13:00. <\/p>\n<p>Anche la tradizionale bola canaria ha il suo posto in agenda, con duelli come quello tra La Entallada e Morro Jable di venerd\u00ec 25 al Campo de Lucha de Las Playitas.<\/p>\n<p>Il Comune ricorda che gli orari degli eventi possono essere soggetti a modifiche e incoraggia i cittadini a partecipare e a sostenere lo sport di base e federativo nel Comune.<\/p>\n<\/div>\n","protected":false},"excerpt":{"rendered":"<p>Il Dipartimento dello Sport del Comune di Tuineje ha pubblicato il programma sportivo per la settimana dal 21 al 27 aprile. Un calendario ricco di competizioni che si svolgeranno in [&hellip;]<\/p>\n","protected":false},"author":1,"featured_media":3021,"comment_status":"open","ping_status":"open","sticky":false,"template":"","format":"standard","meta":{"inline_featured_image":false,"jnews-multi-image_gallery":[],"jnews_single_post":[],"jnews_primary_category":[],"jnews_social_meta":[],"jnews_override_counter":[],"jnews_post_split":[],"footnotes":""},"categories":[301],"tags":[308],"class_list":["post-3025","post","type-post","status-publish","format-standard","has-post-thumbnail","hentry","category-tuineje-it","tag-eventos-it"],"jetpack_featured_media_url":"https:\/\/informacionlocal.es\/wp-content\/uploads\/2025\/05\/captura-de-pantalla-2025-01-08-a-las-8-36-59-1024x612-1-1.png","_links":{"self":[{"href":"https:\/\/informacionlocal.es\/it\/wp-json\/wp\/v2\/posts\/3025","targetHints":{"allow":["GET"]}}],"collection":[{"href":"https:\/\/informacionlocal.es\/it\/wp-json\/wp\/v2\/posts"}],"about":[{"href":"https:\/\/informacionlocal.es\/it\/wp-json\/wp\/v2\/types\/post"}],"author":[{"embeddable":true,"href":"https:\/\/informacionlocal.es\/it\/wp-json\/wp\/v2\/users\/1"}],"replies":[{"embeddable":true,"href":"https:\/\/informacionlocal.es\/it\/wp-json\/wp\/v2\/comments?post=3025"}],"version-history":[{"count":0,"href":"https:\/\/informacionlocal.es\/it\/wp-json\/wp\/v2\/posts\/3025\/revisions"}],"wp:featuredmedia":[{"embeddable":true,"href":"https:\/\/informacionlocal.es\/it\/wp-json\/wp\/v2\/media\/3021"}],"wp:attachment":[{"href":"https:\/\/informacionlocal.es\/it\/wp-json\/wp\/v2\/media?parent=3025"}],"wp:term":[{"taxonomy":"category","embeddable":true,"href":"https:\/\/informacionlocal.es\/it\/wp-json\/wp\/v2\/categories?post=3025"},{"taxonomy":"post_tag","embeddable":true,"href":"https:\/\/informacionlocal.es\/it\/wp-json\/wp\/v2\/tags?post=3025"}],"curies":[{"name":"wp","href":"https:\/\/api.w.org\/{rel}","templated":true}]}}