{"id":3013,"date":"2025-05-04T18:28:48","date_gmt":"2025-05-04T18:28:48","guid":{"rendered":"https:\/\/informacionlocal.es\/tuineje-organizza-un-laboratorio-creativo-di-bandiere-e-borse-in-onore-del-sacro-cuore-di-maria\/"},"modified":"2025-05-04T18:28:48","modified_gmt":"2025-05-04T18:28:48","slug":"tuineje-organizza-un-laboratorio-creativo-di-bandiere-e-borse-in-onore-del-sacro-cuore-di-maria","status":"publish","type":"post","link":"https:\/\/informacionlocal.es\/it\/tuineje-organizza-un-laboratorio-creativo-di-bandiere-e-borse-in-onore-del-sacro-cuore-di-maria\/","title":{"rendered":"Tuineje organizza un laboratorio creativo di bandiere e borse in onore del Sacro Cuore di Maria."},"content":{"rendered":"<div class=\"article-content-inner\">\n<p>In occasione delle tradizionali <strong>festivit\u00e0 del Sacro Cuore di Maria<\/strong>, il Comune di Tuineje, attraverso l&#8217;Assessorato alla Cultura, organizza un originale <strong>Laboratorio di Bandiere e Borse<\/strong> in cui i residenti potranno personalizzare le proprie creazioni per decorare il Comune durante le festivit\u00e0.<\/p>\n<p>Il laboratorio si terr\u00e0 il <strong>21, 24, 28, 29 e 30 aprile<\/strong>, dalle <strong>17:30 alle 19:30<\/strong>, presso il <strong>Centro culturale Tarajalejo<\/strong>. L&#8217;iniziativa mira a incoraggiare la partecipazione dei cittadini, la creativit\u00e0 e il senso di appartenenza attraverso l&#8217;arte e la tradizione. <\/p>\n<blockquote class=\"wp-block-quote is-layout-flow wp-block-quote-is-layout-flow\">\n<p>&#8220;Vogliamo che la cultura sia vissuta in comunit\u00e0 e questo laboratorio \u00e8 un modo bellissimo per unire le generazioni intorno alle nostre feste. Vedere la gente dipingere con entusiasmo le bandiere e le borse che poi decoreranno la citt\u00e0 \u00e8 uno spettacolo commovente&#8221;, ha dichiarato <strong>Dulce Garc\u00eda<\/strong>, assessore alla Cultura del Comune di Tuineje.<\/p>\n<\/blockquote>\n<p>Durante il laboratorio, i partecipanti potranno personalizzare i loro pezzi con i tradizionali motivi del Sacro Cuore di Maria, simbolo centrale della festa. Oltre a incoraggiare la creativit\u00e0, l&#8217;obiettivo \u00e8 recuperare il valore dell&#8217;artigianato e della collettivit\u00e0. <\/p>\n<p>Anche la sindaca del comune, <strong>Candelaria Umpi\u00e9rrez<\/strong>, ha sottolineato il valore di queste attivit\u00e0 per la vita sociale e culturale di Tuineje: &#8220;Queste azioni non solo abbelliscono le nostre strade, ma rafforzano anche i nostri legami come comunit\u00e0. Siamo orgogliosi di vedere come la gente si lascia coinvolgere, partecipa e mantiene vive le nostre tradizioni&#8221;.<\/p>\n<p>Il Comune invita tutti i cittadini ad aderire a questa proposta che unisce cultura, fede e partecipazione. Il workshop \u00e8 gratuito e non richiede alcuna registrazione. <\/p>\n<\/div>\n","protected":false},"excerpt":{"rendered":"<p>In occasione delle tradizionali festivit\u00e0 del Sacro Cuore di Maria, il Comune di Tuineje, attraverso l&#8217;Assessorato alla Cultura, organizza un originale Laboratorio di Bandiere e Borse in cui i residenti [&hellip;]<\/p>\n","protected":false},"author":1,"featured_media":3009,"comment_status":"open","ping_status":"open","sticky":false,"template":"","format":"standard","meta":{"inline_featured_image":false,"jnews-multi-image_gallery":[],"jnews_single_post":[],"jnews_primary_category":[],"jnews_social_meta":[],"jnews_override_counter":[],"jnews_post_split":[],"footnotes":""},"categories":[301],"tags":[],"class_list":["post-3013","post","type-post","status-publish","format-standard","has-post-thumbnail","hentry","category-tuineje-it"],"jetpack_featured_media_url":"https:\/\/informacionlocal.es\/wp-content\/uploads\/2025\/05\/whatsapp-image-2025-04-21-at-12-05-01-e1746368685342.jpeg","_links":{"self":[{"href":"https:\/\/informacionlocal.es\/it\/wp-json\/wp\/v2\/posts\/3013","targetHints":{"allow":["GET"]}}],"collection":[{"href":"https:\/\/informacionlocal.es\/it\/wp-json\/wp\/v2\/posts"}],"about":[{"href":"https:\/\/informacionlocal.es\/it\/wp-json\/wp\/v2\/types\/post"}],"author":[{"embeddable":true,"href":"https:\/\/informacionlocal.es\/it\/wp-json\/wp\/v2\/users\/1"}],"replies":[{"embeddable":true,"href":"https:\/\/informacionlocal.es\/it\/wp-json\/wp\/v2\/comments?post=3013"}],"version-history":[{"count":0,"href":"https:\/\/informacionlocal.es\/it\/wp-json\/wp\/v2\/posts\/3013\/revisions"}],"wp:featuredmedia":[{"embeddable":true,"href":"https:\/\/informacionlocal.es\/it\/wp-json\/wp\/v2\/media\/3009"}],"wp:attachment":[{"href":"https:\/\/informacionlocal.es\/it\/wp-json\/wp\/v2\/media?parent=3013"}],"wp:term":[{"taxonomy":"category","embeddable":true,"href":"https:\/\/informacionlocal.es\/it\/wp-json\/wp\/v2\/categories?post=3013"},{"taxonomy":"post_tag","embeddable":true,"href":"https:\/\/informacionlocal.es\/it\/wp-json\/wp\/v2\/tags?post=3013"}],"curies":[{"name":"wp","href":"https:\/\/api.w.org\/{rel}","templated":true}]}}