{"id":2978,"date":"2025-05-04T18:00:38","date_gmt":"2025-05-04T18:00:38","guid":{"rendered":"https:\/\/informacionlocal.es\/tuineje-mette-in-evidenza-il-valore-del-forno-a-legna-alla-fiera-dellartigianato-dellisola\/"},"modified":"2025-05-04T18:00:38","modified_gmt":"2025-05-04T18:00:38","slug":"tuineje-mette-in-evidenza-il-valore-del-forno-a-legna-alla-fiera-dellartigianato-dellisola","status":"publish","type":"post","link":"https:\/\/informacionlocal.es\/it\/tuineje-mette-in-evidenza-il-valore-del-forno-a-legna-alla-fiera-dellartigianato-dellisola\/","title":{"rendered":"Tuineje mette in evidenza il valore del forno a legna alla Fiera dell&#8217;Artigianato dell&#8217;isola"},"content":{"rendered":"<div class=\"article-content-inner\">\n<p>Ieri \u00e8 stata inaugurata la 36\u00aa edizione della Fiera dell&#8217;Artigianato Insulare nel comune di Antigua, con l&#8217;apertura ufficiale degli stand istituzionali. Il Comune di Tuineje partecipa a questa edizione con uno stand che mette in risalto il valore del forno a legna, elemento storico fondamentale nella tradizione del comune. <\/p>\n<p>Il forno a legna rappresenta una parte fondamentale del patrimonio culturale di Tuineje, legato alla produzione di prodotti come pane, focacce e altri alimenti tradizionali. Queste pratiche riflettono conoscenze e abilit\u00e0 tramandate di generazione in generazione, in armonia con le risorse naturali del territorio Majorero. <\/p>\n<p>&#8220;Con questo stand vogliamo rendere omaggio a uno strumento storico che \u00e8 stato fondamentale per la storia delle nostre case, delle nostre tradizioni e delle nostre feste. \u00c8 un modo per rivendicare ci\u00f2 che \u00e8 nostro e mostrarlo con orgoglio a tutta l&#8217;isola&#8221;, ha dichiarato l&#8217;assessore alla Cultura, Dulce Garc\u00eda.<\/p>\n<p>La sindaca di Tuineje, Candelaria Umpi\u00e9rrez, ha sottolineato che &#8220;la Fiera dell&#8217;Artigianato dell&#8217;Isola \u00e8 un evento imperdibile per mostrare il ricco patrimonio del nostro comune. Tuineje ha una storia che \u00e8 stata cotta lentamente, come il pane nel forno a legna, e questa \u00e8 una grande opportunit\u00e0 per condividerla con chi ci visita&#8221;.<\/p>\n<p>L&#8217;artigianato tradizionale di Fuerteventura, protagonista di questa fiera, fa parte del prezioso patrimonio culturale delle Isole Canarie. Le abilit\u00e0, le conoscenze e i prodotti degli artigiani canari esprimono un modo unico di relazionarsi con l&#8217;ambiente, basato sull&#8217;uso di materiali locali e tecniche tradizionali. <\/p>\n<p>La fiera continuer\u00e0 fino a domenica, offrendo al pubblico dimostrazioni dal vivo e degustazioni di prodotti realizzati in stile tradizionale presso lo stand di Tuineje, in un forno a legna funzionale e a grandezza naturale, progettato appositamente per l&#8217;evento.<\/p>\n<\/div>\n","protected":false},"excerpt":{"rendered":"<p>Ieri \u00e8 stata inaugurata la 36\u00aa edizione della Fiera dell&#8217;Artigianato Insulare nel comune di Antigua, con l&#8217;apertura ufficiale degli stand istituzionali. Il Comune di Tuineje partecipa a questa edizione con [&hellip;]<\/p>\n","protected":false},"author":1,"featured_media":2973,"comment_status":"open","ping_status":"open","sticky":false,"template":"","format":"standard","meta":{"inline_featured_image":false,"jnews-multi-image_gallery":[],"jnews_single_post":[],"jnews_primary_category":[],"jnews_social_meta":[],"jnews_override_counter":[],"jnews_post_split":[],"footnotes":""},"categories":[301],"tags":[223],"class_list":["post-2978","post","type-post","status-publish","format-standard","has-post-thumbnail","hentry","category-tuineje-it","tag-fuerteventura-it"],"jetpack_featured_media_url":"https:\/\/informacionlocal.es\/wp-content\/uploads\/2025\/05\/tuineje-feria-1024x712-1.png","_links":{"self":[{"href":"https:\/\/informacionlocal.es\/it\/wp-json\/wp\/v2\/posts\/2978","targetHints":{"allow":["GET"]}}],"collection":[{"href":"https:\/\/informacionlocal.es\/it\/wp-json\/wp\/v2\/posts"}],"about":[{"href":"https:\/\/informacionlocal.es\/it\/wp-json\/wp\/v2\/types\/post"}],"author":[{"embeddable":true,"href":"https:\/\/informacionlocal.es\/it\/wp-json\/wp\/v2\/users\/1"}],"replies":[{"embeddable":true,"href":"https:\/\/informacionlocal.es\/it\/wp-json\/wp\/v2\/comments?post=2978"}],"version-history":[{"count":0,"href":"https:\/\/informacionlocal.es\/it\/wp-json\/wp\/v2\/posts\/2978\/revisions"}],"wp:featuredmedia":[{"embeddable":true,"href":"https:\/\/informacionlocal.es\/it\/wp-json\/wp\/v2\/media\/2973"}],"wp:attachment":[{"href":"https:\/\/informacionlocal.es\/it\/wp-json\/wp\/v2\/media?parent=2978"}],"wp:term":[{"taxonomy":"category","embeddable":true,"href":"https:\/\/informacionlocal.es\/it\/wp-json\/wp\/v2\/categories?post=2978"},{"taxonomy":"post_tag","embeddable":true,"href":"https:\/\/informacionlocal.es\/it\/wp-json\/wp\/v2\/tags?post=2978"}],"curies":[{"name":"wp","href":"https:\/\/api.w.org\/{rel}","templated":true}]}}