{"id":2966,"date":"2025-05-04T15:55:33","date_gmt":"2025-05-04T15:55:33","guid":{"rendered":"https:\/\/informacionlocal.es\/bianca-scarpari-premio-island-crafts-2025\/"},"modified":"2025-05-04T15:55:33","modified_gmt":"2025-05-04T15:55:33","slug":"bianca-scarpari-premio-island-crafts-2025","status":"publish","type":"post","link":"https:\/\/informacionlocal.es\/it\/bianca-scarpari-premio-island-crafts-2025\/","title":{"rendered":"Bianca Scarpari, Premio Island Crafts 2025"},"content":{"rendered":"<div class=\"elementor-widget-container\">\n<p><strong>Bianca Scarpari, Premio Island Crafts 2025<\/strong><\/p>\n<p><strong>&#8211; Grazie per il premio che mi incoraggia a continuare a cucire storie che parlano di questa terra.<\/strong><\/p>\n<p>Bianca Scarpari ha ricevuto questa domenica mattina il Premio dell&#8217;Artigianato Insulare 2025, con Los Gofiones alle spalle e davanti a un pubblico generoso in cui c&#8217;erano i suoi colleghi artigiani, i suoi studenti, le persone pi\u00f9 care, E con lei sul palco, a consegnarle il G\u00e1nigo che rappresenta questa Fiera e questo Premio dell&#8217;Artigianato, il Sindaco di Antigua, Mat\u00edas Pe\u00f1a, la Presidente del Collettivo Mafasca, Nereida Brito e la Presidente del Cabildo di Fuerteventura, Lola Garc\u00eda.<\/p>\n<p>Con emozione, questa donna forte, semplice e umile ha letto poche parole, scritte per non dimenticare i suoi ringraziamenti, e in cui ha dato uno sguardo ai punti della traiettoria di una vita che l&#8217;ha portata a Fuerteventura, che oggi \u00e8 la sua casa, la sua famiglia e il suo rifugio come laboratorio in cui cuce ogni giorno con i suoi amati alunni &#8220;pezzetti di stoffa e di vita&#8221;.<\/p>\n<p>Ricevo questo premio con grande umilt\u00e0, come una spinta a continuare a creare, a continuare a cucire storie che parlano di questa terra e della sua gente. Perch\u00e9, come dico sempre, le mani che creano, curano anche, e ci\u00f2 che \u00e8 fatto con amore, trova sempre il suo posto&#8221;. <\/p>\n<p>Non si sono fatti attendere gli applausi e gli abbracci di congratulazioni per Bianca Scarpari, che ha ricevuto anche un regalo dagli artigiani e dalle artigiane della Fiera dell&#8217;Artigianato dell&#8217;Isola, che l&#8217;hanno ringraziata per la sua umanit\u00e0 e per la disponibilit\u00e0 sempre dimostrata.<\/p>\n<\/div>\n","protected":false},"excerpt":{"rendered":"<p><strong>Bianca Scarpari, Premio Island Crafts 2025<\/strong><\/p>\n","protected":false},"author":1,"featured_media":2961,"comment_status":"open","ping_status":"open","sticky":false,"template":"","format":"standard","meta":{"inline_featured_image":false,"jnews-multi-image_gallery":[],"jnews_single_post":[],"jnews_primary_category":[],"jnews_social_meta":[],"jnews_override_counter":[],"jnews_post_split":[],"footnotes":""},"categories":[282],"tags":[223],"class_list":["post-2966","post","type-post","status-publish","format-standard","has-post-thumbnail","hentry","category-antigua-it","tag-fuerteventura-it"],"jetpack_featured_media_url":"https:\/\/informacionlocal.es\/wp-content\/uploads\/2025\/05\/premio-insular-de-artesania-2025-bianca-scarpari-2-scaled-1.jpg","_links":{"self":[{"href":"https:\/\/informacionlocal.es\/it\/wp-json\/wp\/v2\/posts\/2966","targetHints":{"allow":["GET"]}}],"collection":[{"href":"https:\/\/informacionlocal.es\/it\/wp-json\/wp\/v2\/posts"}],"about":[{"href":"https:\/\/informacionlocal.es\/it\/wp-json\/wp\/v2\/types\/post"}],"author":[{"embeddable":true,"href":"https:\/\/informacionlocal.es\/it\/wp-json\/wp\/v2\/users\/1"}],"replies":[{"embeddable":true,"href":"https:\/\/informacionlocal.es\/it\/wp-json\/wp\/v2\/comments?post=2966"}],"version-history":[{"count":0,"href":"https:\/\/informacionlocal.es\/it\/wp-json\/wp\/v2\/posts\/2966\/revisions"}],"wp:featuredmedia":[{"embeddable":true,"href":"https:\/\/informacionlocal.es\/it\/wp-json\/wp\/v2\/media\/2961"}],"wp:attachment":[{"href":"https:\/\/informacionlocal.es\/it\/wp-json\/wp\/v2\/media?parent=2966"}],"wp:term":[{"taxonomy":"category","embeddable":true,"href":"https:\/\/informacionlocal.es\/it\/wp-json\/wp\/v2\/categories?post=2966"},{"taxonomy":"post_tag","embeddable":true,"href":"https:\/\/informacionlocal.es\/it\/wp-json\/wp\/v2\/tags?post=2966"}],"curies":[{"name":"wp","href":"https:\/\/api.w.org\/{rel}","templated":true}]}}