{"id":2954,"date":"2025-05-03T19:41:01","date_gmt":"2025-05-03T19:41:01","guid":{"rendered":"https:\/\/informacionlocal.es\/puerto-del-rosario-alla-36a-fiera-dellartigianato-isolano\/"},"modified":"2025-05-03T19:41:01","modified_gmt":"2025-05-03T19:41:01","slug":"puerto-del-rosario-alla-36a-fiera-dellartigianato-isolano","status":"publish","type":"post","link":"https:\/\/informacionlocal.es\/it\/puerto-del-rosario-alla-36a-fiera-dellartigianato-isolano\/","title":{"rendered":"Puerto del Rosario alla 36\u00aa Fiera dell&#8217;artigianato isolano"},"content":{"rendered":"<div class=\"entry-content\">\n<div class=\"html-div xdj266r x11i5rnm xat24cr x1mh8g0r xexx8yu x4uap5 x18d9i69 xkhd6sd\">\n<div class=\"html-div xdj266r x11i5rnm x1mh8g0r x18d9i69 x1cy8zhl x78zum5 x1q0g3np xod5an3 xz9dl7a x1ye3gou xn6708d\">\n<div class=\"html-div xdj266r x11i5rnm xat24cr x1mh8g0r xexx8yu x4uap5 x18d9i69 xkhd6sd x1iyjqo2 xeuugli\">\n<div class=\"x78zum5 xdt5ytf xz62fqu x16ldp7u\">\n<div class=\"html-div xdj266r x11i5rnm xat24cr x1mh8g0r xexx8yu x4uap5 x18d9i69 xkhd6sd x1q0g3np\">Il Comune della capitale partecipa con uno stand che rende omaggio alle fornaci di calce. Dopo l&#8217;inaugurazione di gioved\u00ec sera, 1\u00b0 maggio, la fiera potr\u00e0 essere visitata questo fine settimana nel comune di Antigua con ingresso gratuito. <\/div>\n<\/div>\n<\/div>\n<\/div>\n<\/div>\n<div class=\"html-div xdj266r x11i5rnm xat24cr x1mh8g0r xexx8yu x4uap5 x18d9i69 xkhd6sd\">\n<div class=\"html-div xdj266r x11i5rnm xat24cr x1mh8g0r xexx8yu x4uap5 x18d9i69 xkhd6sd\" dir=\"auto\">\n<div class=\"html-div xdj266r x11i5rnm xat24cr x1mh8g0r xexx8yu x4uap5 x18d9i69 xkhd6sd\" data-ad-rendering-role=\"story_message\">\n<div id=\"\u00abrjm\u00bb\" class=\"x1l90r2v x1iorvi4 x1ye3gou xn6708d\" data-ad-comet-preview=\"message\" data-ad-preview=\"message\">\n<div class=\"x78zum5 xdt5ytf xz62fqu x16ldp7u\">\n<div class=\"xu06os2 x1ok221b\">\n<div class=\"x11i5rnm xat24cr x1mh8g0r x1vvkbs xtlvy1s x126k92a\">\n<div dir=\"auto\">Per il sindaco David de Vera: &#8220;La Fiera dell&#8217;Artigianato Insulare \u00e8 un evento fondamentale per chi, come noi, crede nel valore delle nostre tradizioni, nel talento locale e nella forza dei prodotti fatti a mano.<\/div>\n<\/div>\n<div class=\"x11i5rnm xat24cr x1mh8g0r x1vvkbs xtlvy1s x126k92a\">\n<div dir=\"auto\">Dal Municipio vogliamo mostrare il nostro pieno sostegno agli artigiani che rappresentano con eccellenza la nostra identit\u00e0 majorera. Il loro lavoro non solo abbellisce la nostra vita quotidiana, ma preserva anche la storia, incrementa l&#8217;economia locale e ci connette con le nostre radici&#8221;. <\/div>\n<\/div>\n<div class=\"x11i5rnm xat24cr x1mh8g0r x1vvkbs xtlvy1s x126k92a\">\n<div dir=\"auto\">L&#8217;Assessore alla Cultura, Juan Manuel Verdugo, ha espresso la sua soddisfazione per uno stand &#8220;che riconosce l&#8217;importante lavoro di tutti coloro che hanno lavorato e contribuito all&#8217;economia del comune e dell&#8217;isola attraverso l&#8217;industria della calce, e di coloro che attualmente si occupano della promozione, della divulgazione e dell&#8217;incoraggiamento delle numerose fornaci di calce che esistono nel nostro comune&#8221;.<\/div>\n<\/div>\n<div class=\"x11i5rnm xat24cr x1mh8g0r x1vvkbs xtlvy1s x126k92a\">\n<div dir=\"auto\">L&#8217;assessore al Settore primario, David de Le\u00f3n, ha sottolineato che &#8220;questo evento \u00e8 una fantastica opportunit\u00e0 di incontro per i nostri artigiani, affinch\u00e9 il pubblico possa godere della nostra cultura e delle nostre tradizioni. \u00c8 un evento annuale a cui vale la pena partecipare con la famiglia e gli amici&#8221;.<\/div>\n<\/div>\n<div class=\"x11i5rnm xat24cr x1mh8g0r x1vvkbs xtlvy1s x126k92a\">\n<div dir=\"auto\">Congratulazioni all&#8217;organizzazione e a tutti i comuni partecipanti. Questa fiera \u00e8 una celebrazione dell&#8217;impegno, della creativit\u00e0 e dell&#8217;anima di Fuerteventura. <\/div>\n<\/div>\n<\/div>\n<\/div>\n<\/div>\n<\/div>\n<\/div>\n<\/div>\n<\/div>\n","protected":false},"excerpt":{"rendered":"<p>Il Comune della capitale partecipa con uno stand che rende omaggio alle fornaci di calce. Dopo l&#8217;inaugurazione di gioved\u00ec sera, 1\u00b0 maggio, la fiera potr\u00e0 essere visitata questo fine settimana [&hellip;]<\/p>\n","protected":false},"author":1,"featured_media":2948,"comment_status":"open","ping_status":"open","sticky":false,"template":"","format":"standard","meta":{"inline_featured_image":false,"jnews-multi-image_gallery":[],"jnews_single_post":[],"jnews_primary_category":[],"jnews_social_meta":[],"jnews_override_counter":[],"jnews_post_split":[],"footnotes":""},"categories":[295],"tags":[202,223],"class_list":["post-2954","post","type-post","status-publish","format-standard","has-post-thumbnail","hentry","category-puerto-del-rosario-it","tag-comuni","tag-fuerteventura-it"],"jetpack_featured_media_url":"https:\/\/informacionlocal.es\/wp-content\/uploads\/2025\/05\/fia-25-titu-alcalde-y-david-logo.jpg","_links":{"self":[{"href":"https:\/\/informacionlocal.es\/it\/wp-json\/wp\/v2\/posts\/2954","targetHints":{"allow":["GET"]}}],"collection":[{"href":"https:\/\/informacionlocal.es\/it\/wp-json\/wp\/v2\/posts"}],"about":[{"href":"https:\/\/informacionlocal.es\/it\/wp-json\/wp\/v2\/types\/post"}],"author":[{"embeddable":true,"href":"https:\/\/informacionlocal.es\/it\/wp-json\/wp\/v2\/users\/1"}],"replies":[{"embeddable":true,"href":"https:\/\/informacionlocal.es\/it\/wp-json\/wp\/v2\/comments?post=2954"}],"version-history":[{"count":0,"href":"https:\/\/informacionlocal.es\/it\/wp-json\/wp\/v2\/posts\/2954\/revisions"}],"wp:featuredmedia":[{"embeddable":true,"href":"https:\/\/informacionlocal.es\/it\/wp-json\/wp\/v2\/media\/2948"}],"wp:attachment":[{"href":"https:\/\/informacionlocal.es\/it\/wp-json\/wp\/v2\/media?parent=2954"}],"wp:term":[{"taxonomy":"category","embeddable":true,"href":"https:\/\/informacionlocal.es\/it\/wp-json\/wp\/v2\/categories?post=2954"},{"taxonomy":"post_tag","embeddable":true,"href":"https:\/\/informacionlocal.es\/it\/wp-json\/wp\/v2\/tags?post=2954"}],"curies":[{"name":"wp","href":"https:\/\/api.w.org\/{rel}","templated":true}]}}