{"id":2943,"date":"2025-05-03T19:40:52","date_gmt":"2025-05-03T19:40:52","guid":{"rendered":"https:\/\/informacionlocal.es\/4-concorso-di-pittura-di-velocita-di-puerto-del-rosario\/"},"modified":"2025-05-03T19:40:52","modified_gmt":"2025-05-03T19:40:52","slug":"4-concorso-di-pittura-di-velocita-di-puerto-del-rosario","status":"publish","type":"post","link":"https:\/\/informacionlocal.es\/it\/4-concorso-di-pittura-di-velocita-di-puerto-del-rosario\/","title":{"rendered":"4\u00b0 Concorso di pittura di velocit\u00e0 di Puerto del Rosario"},"content":{"rendered":"<div class=\"entry-content\">\n<div class=\"xdj266r x11i5rnm xat24cr x1mh8g0r x1vvkbs x126k92a\">\n<div dir=\"auto\">Sono aperte le iscrizioni al IV Certamen de Pintura R\u00e1pida de Puerto del Rosario.<\/div>\n<\/div>\n<div class=\"x11i5rnm xat24cr x1mh8g0r x1vvkbs xtlvy1s x126k92a\">\n<div dir=\"auto\">Il concorso si terr\u00e0 sabato 10 maggio nell&#8217;ambito dell&#8217;evento culturale &#8220;Puerto es Primavera&#8221;, che comprender\u00e0 musica dal vivo, laboratori per bambini, gastronomia e un mercatino dell&#8217;artigianato.<\/div>\n<\/div>\n<div class=\"x11i5rnm xat24cr x1mh8g0r x1vvkbs xtlvy1s x126k92a\">\n<div dir=\"auto\">L&#8217;evento assegner\u00e0 importanti premi economici nella categoria adulti e molto materiale artistico nelle categorie bambini e ragazzi.<\/div>\n<\/div>\n<div class=\"x11i5rnm xat24cr x1mh8g0r x1vvkbs xtlvy1s x126k92a\">\n<div dir=\"auto\">Il Municipio di Puerto del Rosario, attraverso l&#8217;Assessorato alla Cultura, ha aperto le iscrizioni per partecipare al IV Concorso di Pittura di Velocit\u00e0, una delle attivit\u00e0 principali dell&#8217;evento &#8220;Puerto es Primavera&#8221;, che si terr\u00e0 sabato 10 maggio nella zona retrostante la Chiesa di Nuestra Se\u00f1ora del Rosario e la via Primero de Mayo.<\/div>\n<\/div>\n<div class=\"x11i5rnm xat24cr x1mh8g0r x1vvkbs xtlvy1s x126k92a\">\n<div dir=\"auto\">Il concorso, gratuito, si rivolge sia ad artisti affermati che a nuovi talenti ed \u00e8 suddiviso in due categorie: Bambini\/Giovani (dai 6 ai 17 anni) e Adulti (dai 18 anni in su). In via eccezionale, i giovani di et\u00e0 compresa tra i 12 e i 17 anni possono scegliere di partecipare alla categoria adulti se lo desiderano e hanno l&#8217;autorizzazione del loro tutore legale. <\/div>\n<\/div>\n<div class=\"x11i5rnm xat24cr x1mh8g0r x1vvkbs xtlvy1s x126k92a\">\n<div dir=\"auto\">Gli interessati possono ora formalizzare la loro iscrizione attraverso il sito ufficiale <span class=\"html-span xdj266r x11i5rnm xat24cr x1mh8g0r xexx8yu x4uap5 x18d9i69 xkhd6sd x1hl2dhg x16tdsg8 x1vvkbs\">www.puertoescultura.es,<\/span> dove \u00e8 disponibile anche il regolamento completo del concorso. La scadenza rimarr\u00e0 aperta fino a venerd\u00ec 9 maggio alle ore 18:00, o fino a quando tutti i posti disponibili saranno occupati. <\/div>\n<\/div>\n<div class=\"x11i5rnm xat24cr x1mh8g0r x1vvkbs xtlvy1s x126k92a\">\n<div dir=\"auto\">Il tema di questa edizione sar\u00e0 &#8220;Paesaggi delle Isole Canarie&#8221; e le opere dovranno essere realizzate interamente durante la giornata dell&#8217;evento, in formato libero ma con una dimensione minima di 50 x 50 cm. Gli organizzatori allestiranno un punto di informazione e timbratura per i media a partire dalle 10:30. <\/div>\n<\/div>\n<div class=\"x11i5rnm xat24cr x1mh8g0r x1vvkbs xtlvy1s x126k92a\">\n<div dir=\"auto\">I premi comprendono un premio in denaro di 500, 250 e 150 euro per i primi tre classificati della categoria adulti, oltre a 5 premi per i secondi classificati con diplomi. Nella categoria bambini\/ragazzi saranno assegnati lotti di materiale artistico di valore compreso tra 100 e 25 euro, riconoscendo cos\u00ec l&#8217;impegno e la creativit\u00e0 dei partecipanti pi\u00f9 giovani. <\/div>\n<\/div>\n<div class=\"x11i5rnm xat24cr x1mh8g0r x1vvkbs xtlvy1s x126k92a\">\n<div dir=\"auto\">Oltre al concorso, &#8220;Puerto es Primavera&#8221; offrir\u00e0 un programma culturale e familiare per tutta la giornata, tra cui spettacoli musicali dal vivo, laboratori e attivit\u00e0 per bambini, un&#8217;area gastronomica e un mercato artigianale con la presenza di creatori e prodotti locali.<\/div>\n<\/div>\n<div class=\"x11i5rnm xat24cr x1mh8g0r x1vvkbs xtlvy1s x126k92a\">\n<div dir=\"auto\">Con questa proposta, il Comune di Puerto del Rosario intende promuovere la creativit\u00e0, avvicinare l&#8217;arte ai cittadini e dinamizzare il centro urbano in un&#8217;atmosfera primaverile, partecipativa e accessibile a tutti i pubblici.<\/div>\n<\/div>\n<div class=\"x11i5rnm xat24cr x1mh8g0r x1vvkbs xtlvy1s x126k92a\">\n<div dir=\"auto\">Per ulteriori informazioni e iscrizioni:<\/div>\n<\/div>\n<div class=\"x11i5rnm xat24cr x1mh8g0r x1vvkbs xtlvy1s x126k92a\">\n<div dir=\"auto\"><span class=\"html-span xdj266r x11i5rnm xat24cr x1mh8g0r xexx8yu x4uap5 x18d9i69 xkhd6sd x1hl2dhg x16tdsg8 x1vvkbs\">www.puertoescultura.es<\/span><\/div>\n<div dir=\"auto\">info@puertoescultura.es<\/div>\n<\/div>\n<\/div>\n","protected":false},"excerpt":{"rendered":"<p>Sono aperte le iscrizioni al IV Certamen de Pintura R\u00e1pida de Puerto del Rosario. Il concorso si terr\u00e0 sabato 10 maggio nell&#8217;ambito dell&#8217;evento culturale &#8220;Puerto es Primavera&#8221;, che comprender\u00e0 musica [&hellip;]<\/p>\n","protected":false},"author":1,"featured_media":2937,"comment_status":"open","ping_status":"open","sticky":false,"template":"","format":"standard","meta":{"inline_featured_image":false,"jnews-multi-image_gallery":[],"jnews_single_post":[],"jnews_primary_category":[],"jnews_social_meta":[],"jnews_override_counter":[],"jnews_post_split":[],"footnotes":""},"categories":[295],"tags":[],"class_list":["post-2943","post","type-post","status-publish","format-standard","has-post-thumbnail","hentry","category-puerto-del-rosario-it"],"jetpack_featured_media_url":"https:\/\/informacionlocal.es\/wp-content\/uploads\/2025\/05\/pintura-100525.jpg","_links":{"self":[{"href":"https:\/\/informacionlocal.es\/it\/wp-json\/wp\/v2\/posts\/2943","targetHints":{"allow":["GET"]}}],"collection":[{"href":"https:\/\/informacionlocal.es\/it\/wp-json\/wp\/v2\/posts"}],"about":[{"href":"https:\/\/informacionlocal.es\/it\/wp-json\/wp\/v2\/types\/post"}],"author":[{"embeddable":true,"href":"https:\/\/informacionlocal.es\/it\/wp-json\/wp\/v2\/users\/1"}],"replies":[{"embeddable":true,"href":"https:\/\/informacionlocal.es\/it\/wp-json\/wp\/v2\/comments?post=2943"}],"version-history":[{"count":0,"href":"https:\/\/informacionlocal.es\/it\/wp-json\/wp\/v2\/posts\/2943\/revisions"}],"wp:featuredmedia":[{"embeddable":true,"href":"https:\/\/informacionlocal.es\/it\/wp-json\/wp\/v2\/media\/2937"}],"wp:attachment":[{"href":"https:\/\/informacionlocal.es\/it\/wp-json\/wp\/v2\/media?parent=2943"}],"wp:term":[{"taxonomy":"category","embeddable":true,"href":"https:\/\/informacionlocal.es\/it\/wp-json\/wp\/v2\/categories?post=2943"},{"taxonomy":"post_tag","embeddable":true,"href":"https:\/\/informacionlocal.es\/it\/wp-json\/wp\/v2\/tags?post=2943"}],"curies":[{"name":"wp","href":"https:\/\/api.w.org\/{rel}","templated":true}]}}