{"id":2917,"date":"2025-05-03T14:28:58","date_gmt":"2025-05-03T14:28:58","guid":{"rendered":"https:\/\/informacionlocal.es\/i-funerali-di-s-s-papa-francesco-a-fuerteventura-si-svolgeranno-questo-lunedi-ad-antigua\/"},"modified":"2025-05-03T14:28:58","modified_gmt":"2025-05-03T14:28:58","slug":"i-funerali-di-s-s-papa-francesco-a-fuerteventura-si-svolgeranno-questo-lunedi-ad-antigua","status":"publish","type":"post","link":"https:\/\/informacionlocal.es\/it\/i-funerali-di-s-s-papa-francesco-a-fuerteventura-si-svolgeranno-questo-lunedi-ad-antigua\/","title":{"rendered":"I funerali di S.S. Papa Francesco a Fuerteventura si svolgeranno questo luned\u00ec ad Antigua."},"content":{"rendered":"<div class=\"elementor-widget-container\">\n<p><strong>I funerali di S.S. Papa Francesco a Fuerteventura si svolgeranno questo luned\u00ec ad Antigua.<\/strong><\/p>\n<p><strong>&#8211; Antigua collabora con l&#8217;Arcipretura di Fuerteventura nei preparativi per l&#8217;organizzazione dei funerali di Sua Santit\u00e0 Papa Francesco.  <\/strong><br \/><strong>&#8211; Il Vescovo della Diocesi delle Isole Canarie, D. Jos\u00e9 Mazuelos P\u00e9rez, presieder\u00e0 la Messa funebre luned\u00ec 5 maggio alle ore 19:00 nella Chiesa Parrocchiale di Antigua.<\/strong><\/p>\n<p>Il Municipio di Antigua collabora in tutto ci\u00f2 di cui la Diocesi delle Canarie ha bisogno per l&#8217;organizzazione di questa solenne funzione, dice il sindaco Mat\u00edas Pe\u00f1a, essendo un onore che la Chiesa di Nostra Signora di Antigua, la nostra umile parrocchia, sia stata scelta per celebrare la Messa funebre a Fuerteventura per l&#8217;eterno riposo di Sua Santit\u00e0 Papa Francesco.<\/p>\n<p>Collaboreremo come abbiamo sempre fatto, dice il sindaco di Antigua, con il nostro parroco Heriberto Mart\u00edn Molina e l&#8217;arciprete di Fuerteventura, D. Aday Josu\u00e9 Garc\u00eda Jim\u00e9nez, per accogliere e ricevere il Vescovo della Diocesi delle Isole Canarie, D. Jos\u00e9 Mazuelos P\u00e9rez, che presieder\u00e0 la Messa funebre.<\/p>\n<p>La Messa funebre a Fuerteventura o Eucaristia in suffragio del Romano Pontefice, Sua Santit\u00e0 Papa Francesco, avr\u00e0 luogo questo luned\u00ec 5 alle ore 19:00 nella Chiesa di Nuestra Se\u00f1ora de La Antigua.<\/p>\n<\/p>\n<\/div>\n","protected":false},"excerpt":{"rendered":"<p><strong>I funerali di S.S. Papa Francesco a Fuerteventura si svolgeranno questo luned\u00ec ad Antigua.<\/strong><\/p>\n","protected":false},"author":1,"featured_media":2913,"comment_status":"open","ping_status":"open","sticky":false,"template":"","format":"standard","meta":{"inline_featured_image":false,"jnews-multi-image_gallery":[],"jnews_single_post":[],"jnews_primary_category":[],"jnews_social_meta":[],"jnews_override_counter":[],"jnews_post_split":[],"footnotes":""},"categories":[282],"tags":[223],"class_list":["post-2917","post","type-post","status-publish","format-standard","has-post-thumbnail","hentry","category-antigua-it","tag-fuerteventura-it"],"jetpack_featured_media_url":"https:\/\/informacionlocal.es\/wp-content\/uploads\/2025\/05\/funeral-por-ss-el-papa-francisco-en-fuerteventura.jpg","_links":{"self":[{"href":"https:\/\/informacionlocal.es\/it\/wp-json\/wp\/v2\/posts\/2917","targetHints":{"allow":["GET"]}}],"collection":[{"href":"https:\/\/informacionlocal.es\/it\/wp-json\/wp\/v2\/posts"}],"about":[{"href":"https:\/\/informacionlocal.es\/it\/wp-json\/wp\/v2\/types\/post"}],"author":[{"embeddable":true,"href":"https:\/\/informacionlocal.es\/it\/wp-json\/wp\/v2\/users\/1"}],"replies":[{"embeddable":true,"href":"https:\/\/informacionlocal.es\/it\/wp-json\/wp\/v2\/comments?post=2917"}],"version-history":[{"count":0,"href":"https:\/\/informacionlocal.es\/it\/wp-json\/wp\/v2\/posts\/2917\/revisions"}],"wp:featuredmedia":[{"embeddable":true,"href":"https:\/\/informacionlocal.es\/it\/wp-json\/wp\/v2\/media\/2913"}],"wp:attachment":[{"href":"https:\/\/informacionlocal.es\/it\/wp-json\/wp\/v2\/media?parent=2917"}],"wp:term":[{"taxonomy":"category","embeddable":true,"href":"https:\/\/informacionlocal.es\/it\/wp-json\/wp\/v2\/categories?post=2917"},{"taxonomy":"post_tag","embeddable":true,"href":"https:\/\/informacionlocal.es\/it\/wp-json\/wp\/v2\/tags?post=2917"}],"curies":[{"name":"wp","href":"https:\/\/api.w.org\/{rel}","templated":true}]}}